{"id":485241,"date":"2025-10-23T21:20:19","date_gmt":"2025-10-23T21:20:19","guid":{"rendered":"https:\/\/www.europesays.com\/fr\/485241\/"},"modified":"2025-10-23T21:20:19","modified_gmt":"2025-10-23T21:20:19","slug":"une-famille-avec-trois-enfants-sans-solution","status":"publish","type":"post","link":"https:\/\/www.europesays.com\/fr\/485241\/","title":{"rendered":"une famille avec trois enfants sans solution"},"content":{"rendered":"<p>            Par<br \/>\n        <strong><br \/>\n            <a href=\"https:\/\/actu.fr\/auteur\/margot-fournie\" title=\"Consulter tous les articles de Margot Fournie\" rel=\"nofollow noopener\" target=\"_blank\">Margot Fournie<\/a><br \/>\n        <\/strong><\/p>\n<p>        Publi\u00e9 le<\/p>\n<p>            23 oct. 2025 \u00e0 18h30        <\/p>\n<p>Un immeuble appartenant \u00e0 la municipalit\u00e9 <strong>posait probl\u00e8me<\/strong> dans le quartier des Minimes, \u00e0 <strong><a href=\"https:\/\/actu.fr\/toulouse\/\" rel=\"nofollow noopener\" target=\"_blank\">Toulouse<\/a><\/strong>. Situ\u00e9 sur le terrain de l\u2019<a href=\"https:\/\/actu.fr\/occitanie\/toulouse_31555\/toulouse-incendiee-mi-decembre-ecole-pierre-marie-curie-va-rouvrir-portes-lundi_20626852.html\" rel=\"nofollow noopener\" target=\"_blank\">\u00e9cole Pierre et Marie-Curie<\/a>, il \u00e9tait <strong>occup\u00e9 ill\u00e9galement<\/strong>. L\u2019attitude de <strong>certains habitants<\/strong> provoquait des <strong>soucis de s\u00e9curit\u00e9<\/strong> pour les enfants, le corps enseignant. Le b\u00e2timent a \u00e9t\u00e9 \u00e9vacu\u00e9 ce jeudi 23 octobre 2025 au matin sous les coups de 9\u2009h\u200930, laissant <strong>une famille avec trois enfants<\/strong> sans solution p\u00e9renne. Actu Toulouse l\u2019a rencontr\u00e9e.<\/p>\n<p>Le b\u00e2timent squatt\u00e9 va \u00eatre ras\u00e9<\/p>\n<p class=\" wall-content\">La maire du quartier, <strong>C\u00e9cile Dufraisse,<\/strong> \u00e9tait sur place. D\u2019apr\u00e8s elle, l\u2019\u00e9vacuation a eu lieu dans le plus grand des calmes.<\/p>\n<p class=\" wall-content\">\u00ab\u2009Les d\u00e9m\u00e9nageurs sont arriv\u00e9s, ainsi que la police municipale et nationale. Aucune association n\u2019\u00e9tait pr\u00e9sente\u2009\u00bb, raconte l\u2019\u00e9lue en glissant que \u00ab\u2009le <strong>b\u00e2timent a \u00e9t\u00e9 s\u00e9curis\u00e9<\/strong>. On va le raser pour laisser la place \u00e0 de <strong>futurs projets<\/strong> dont on doit discuter avec l\u2019\u00e9cole.\u2009\u00bb<\/p>\n<p>Une famille avec trois enfants habitait l\u2019immeuble<\/p>\n<p class=\" wall-content\">Certains habitants sont partis avant l\u2019arriv\u00e9e de la police. Mais sur place, il restait une famille. Elle est compos\u00e9e des deux parents et de trois enfants, <strong>\u00e2g\u00e9s de 10 \u00e0 15\u00a0ans<\/strong>.<\/p>\n<p class=\" wall-content\">\u00ab\u2009La commissaire de police m\u2019a dit que la famille allait \u00eatre prise en charge\u2009\u00bb, ajoute C\u00e9cile Dufraisse.<\/p>\n<p>Votre r\u00e9gion, votre actu !<\/p>\n<p>Recevez chaque jour les infos qui comptent pour vous.<\/p>\n<p>\t<a href=\"https:\/\/actu.fr\/newsletter\" class=\"ac-btn ac-btn--corner ac-btn--medium ac-btn--blue800\" rel=\"nofollow noopener\" target=\"_blank\">S&rsquo;incrire<\/a><br \/>\nDes enfants \u00e0 la sant\u00e9 fragile<\/p>\n<p class=\" wall-content\">Elle sera log\u00e9e <strong>durant deux nuits<\/strong> \u00e0 l\u2019h\u00f4tel Kyriad \u00e0 Roques, soit le temps de laisser passer <a href=\"https:\/\/actu.fr\/occitanie\/toulouse_31555\/tempete-benjamin-des-vents-forts-a-toulouse-avec-des-rafales-jusqu-a-110-km-h-en-occitanie_63335466.html\" rel=\"nofollow noopener\" target=\"_blank\">la temp\u00eate Benjamin<\/a>.<\/p>\n<p class=\" wall-content\">\u00ab\u2009Et apr\u00e8s\u2009?\u2009\u00bb, demande la m\u00e8re de famille. Elle tient contre elle un porte-documents o\u00f9 sont conserv\u00e9s de nombreux certificats. Celui d\u2019un neurologue qui atteste que l\u2019a\u00een\u00e9e, Darile, en Bac pro,<strong> souffre d\u2019\u00e9pilepsie<\/strong> et qu\u2019elle <strong>a besoin de stabilit\u00e9<\/strong>. Une ordonnance pour les m\u00e9dicaments de la cadette, Assil, qui a \u00e9t\u00e9 r\u00e9cemment op\u00e9r\u00e9e pour ses kystes pilonidaux.<\/p>\n<p class=\" wall-content\">\u00ab<strong>\u2009Un infirmier passait tous les jours<\/strong> pour lui faire des soins. Ils devaient durer une quinzaine de jours. Je ne sais pas comment on va faire\u2009\u00bb, souffle Khalida, atteinte elle-m\u00eame d\u2019un handicap au niveau du dos.<\/p>\n<p>De logements en logements<\/p>\n<p class=\" wall-content\">La famille est arriv\u00e9e \u00e0 Toulouse en juillet\u00a02024 et depuis elle <strong>\u00e9choue de logements en logements<\/strong>, sans solution p\u00e9renne.<\/p>\n<p class=\" wall-content\">\u00ab\u2009Vivre dans cet immeuble avec ce voisinage \u00e9tait difficile, mais c\u2019\u00e9tait <strong>mieux que d\u2019\u00eatre \u00e0 la rue<\/strong>\u2009\u00bb, assure Lyamine, ancien militaire.\u00a0Il confie qu\u2019il a d\u00e9pos\u00e9 un dossier aupr\u00e8s de la commission Dalo (Droit au logement opposable) et esp\u00e8re que sa d\u00e9marche sera bien re\u00e7ue.<\/p>\n<p>\u00ab\u2009Ce sont des gens bien\u2009\u00bb<\/p>\n<p class=\" wall-content\">En attendant, il re\u00e7oit le soutien de particuliers comme Jean-S\u00e9bastien, venu soutenir la famille durant l\u2019expulsion. Il les a rencontr\u00e9s par le biais de sa compagne.<\/p>\n<p class=\" wall-content\">\u00ab\u2009Avec elle, <strong>on essaie de les aider<\/strong>. On essaie de trouver une solution pour le bien-\u00eatre et l\u2019\u00e9quilibre des enfants. Ce sont des gens bien\u2009\u00bb, lance-t-il avant d\u2019aider la famille \u00e0 monter dans sa voiture. Direction l\u2019h\u00f4tel.<\/p>\n<p class=\" wall-content\">Personnalisez votre actualit\u00e9 en ajoutant vos villes et m\u00e9dias en favori avec <a href=\"https:\/\/moncompte.actu.fr\" title=\"D\u00e9couvez Mon Actu\" rel=\"nofollow noopener\" data-trk=\"{&quot;cta&quot;:{&quot;action&quot;:&quot;https:\\\/\\\/moncompte.actu.fr&quot;,&quot;category&quot;:&quot;mon compte&quot;,&quot;from&quot;:&quot;article footer&quot;,&quot;name&quot;:&quot;Mon actu&quot;,&quot;type&quot;:&quot;cta&quot;}}\" target=\"_blank\">Mon Actu<\/a>.<\/p>\n","protected":false},"excerpt":{"rendered":"Par Margot Fournie Publi\u00e9 le 23 oct. 2025 \u00e0 18h30 Un immeuble appartenant \u00e0 la municipalit\u00e9 posait probl\u00e8me&hellip;\n","protected":false},"author":2,"featured_media":485242,"comment_status":"","ping_status":"","sticky":false,"template":"","format":"standard","meta":{"footnotes":""},"categories":[2816],"tags":[1111,11,1777,674,652,1011,27,12,2680,25,71,104,2312],"class_list":{"0":"post-485241","1":"post","2":"type-post","3":"status-publish","4":"format-standard","5":"has-post-thumbnail","7":"category-toulouse","8":"tag-actu","9":"tag-actualites","10":"tag-eu","11":"tag-europe","12":"tag-famille","13":"tag-fr","14":"tag-france","15":"tag-news","16":"tag-occitanie","17":"tag-republique-francaise","18":"tag-sante","19":"tag-societe","20":"tag-toulouse"},"share_on_mastodon":{"url":"https:\/\/pubeurope.com\/@fr\/115425576466563109","error":""},"_links":{"self":[{"href":"https:\/\/www.europesays.com\/fr\/wp-json\/wp\/v2\/posts\/485241","targetHints":{"allow":["GET"]}}],"collection":[{"href":"https:\/\/www.europesays.com\/fr\/wp-json\/wp\/v2\/posts"}],"about":[{"href":"https:\/\/www.europesays.com\/fr\/wp-json\/wp\/v2\/types\/post"}],"author":[{"embeddable":true,"href":"https:\/\/www.europesays.com\/fr\/wp-json\/wp\/v2\/users\/2"}],"replies":[{"embeddable":true,"href":"https:\/\/www.europesays.com\/fr\/wp-json\/wp\/v2\/comments?post=485241"}],"version-history":[{"count":0,"href":"https:\/\/www.europesays.com\/fr\/wp-json\/wp\/v2\/posts\/485241\/revisions"}],"wp:featuredmedia":[{"embeddable":true,"href":"https:\/\/www.europesays.com\/fr\/wp-json\/wp\/v2\/media\/485242"}],"wp:attachment":[{"href":"https:\/\/www.europesays.com\/fr\/wp-json\/wp\/v2\/media?parent=485241"}],"wp:term":[{"taxonomy":"category","embeddable":true,"href":"https:\/\/www.europesays.com\/fr\/wp-json\/wp\/v2\/categories?post=485241"},{"taxonomy":"post_tag","embeddable":true,"href":"https:\/\/www.europesays.com\/fr\/wp-json\/wp\/v2\/tags?post=485241"}],"curies":[{"name":"wp","href":"https:\/\/api.w.org\/{rel}","templated":true}]}}