{"id":485251,"date":"2025-10-23T21:26:15","date_gmt":"2025-10-23T21:26:15","guid":{"rendered":"https:\/\/www.europesays.com\/fr\/485251\/"},"modified":"2025-10-23T21:26:15","modified_gmt":"2025-10-23T21:26:15","slug":"deux-blesses-graves-apres-un-accident-au-nord-de-lyon","status":"publish","type":"post","link":"https:\/\/www.europesays.com\/fr\/485251\/","title":{"rendered":"Deux bless\u00e9s graves apr\u00e8s un accident au nord de Lyon"},"content":{"rendered":"<p>Un accident s&rsquo;est produit ce jeudi 23 octobre, \u00e0 Belleville-en-Beaujolais, au nord de Lyon.<\/p>\n<p>La collision frontale s&rsquo;est produite ce jeudi, vers 10 heures, \u00e0 hauteur du Bistrot Brigitte \u00e0 <b>Belleville-en-Beaujolais<\/b>.\u00a0<\/p>\n<p>Les deux conducteurs dans un \u00e9tat grave<\/p>\n<p>D&rsquo;apr\u00e8s <a class=\"url\" href=\"https:\/\/www.leprogres.fr\/faits-divers-justice\/2025\/10\/23\/choc-frontal-entre-deux-vehicules-a-belleville-en-beaujolais-deux-blesses-en-urgence-absolue\" target=\"_blank\" rel=\"nofollow noopener\">Le Progr\u00e8s<\/a>, les deux conducteurs ont \u00e9t\u00e9 transport\u00e9s en urgence absolue vers l&rsquo;h\u00f4pital, sans pronostic vital engag\u00e9.\u00a0<\/p>\n<p>Les circonstances de l&rsquo;accident ne sont pas encore connues.<\/p>\n<p><\/p>\n","protected":false},"excerpt":{"rendered":"Un accident s&rsquo;est produit ce jeudi 23 octobre, \u00e0 Belleville-en-Beaujolais, au nord de Lyon. La collision frontale s&rsquo;est&hellip;\n","protected":false},"author":2,"featured_media":485252,"comment_status":"","ping_status":"","sticky":false,"template":"","format":"standard","meta":{"footnotes":""},"categories":[1889],"tags":[119,1111,11,2430,53131,1777,674,1011,27,2428,12,25,9844],"class_list":{"0":"post-485251","1":"post","2":"type-post","3":"status-publish","4":"format-standard","5":"has-post-thumbnail","7":"category-lyon","8":"tag-accident","9":"tag-actu","10":"tag-actualites","11":"tag-auvergne-rhone-alpes","12":"tag-belleville-en-beaujolais","13":"tag-eu","14":"tag-europe","15":"tag-fr","16":"tag-france","17":"tag-lyon","18":"tag-news","19":"tag-republique-francaise","20":"tag-rhne"},"share_on_mastodon":{"url":"https:\/\/pubeurope.com\/@fr\/115425600097817486","error":""},"_links":{"self":[{"href":"https:\/\/www.europesays.com\/fr\/wp-json\/wp\/v2\/posts\/485251","targetHints":{"allow":["GET"]}}],"collection":[{"href":"https:\/\/www.europesays.com\/fr\/wp-json\/wp\/v2\/posts"}],"about":[{"href":"https:\/\/www.europesays.com\/fr\/wp-json\/wp\/v2\/types\/post"}],"author":[{"embeddable":true,"href":"https:\/\/www.europesays.com\/fr\/wp-json\/wp\/v2\/users\/2"}],"replies":[{"embeddable":true,"href":"https:\/\/www.europesays.com\/fr\/wp-json\/wp\/v2\/comments?post=485251"}],"version-history":[{"count":0,"href":"https:\/\/www.europesays.com\/fr\/wp-json\/wp\/v2\/posts\/485251\/revisions"}],"wp:featuredmedia":[{"embeddable":true,"href":"https:\/\/www.europesays.com\/fr\/wp-json\/wp\/v2\/media\/485252"}],"wp:attachment":[{"href":"https:\/\/www.europesays.com\/fr\/wp-json\/wp\/v2\/media?parent=485251"}],"wp:term":[{"taxonomy":"category","embeddable":true,"href":"https:\/\/www.europesays.com\/fr\/wp-json\/wp\/v2\/categories?post=485251"},{"taxonomy":"post_tag","embeddable":true,"href":"https:\/\/www.europesays.com\/fr\/wp-json\/wp\/v2\/tags?post=485251"}],"curies":[{"name":"wp","href":"https:\/\/api.w.org\/{rel}","templated":true}]}}