{"id":485269,"date":"2025-10-23T21:36:31","date_gmt":"2025-10-23T21:36:31","guid":{"rendered":"https:\/\/www.europesays.com\/fr\/485269\/"},"modified":"2025-10-23T21:36:31","modified_gmt":"2025-10-23T21:36:31","slug":"crise-venezuela-usa-trump-fait-exploser-des-gens-comme-des-chiens-accuse-une-famille-de-trinidad-actualites","status":"publish","type":"post","link":"https:\/\/www.europesays.com\/fr\/485269\/","title":{"rendered":"Crise Venezuela-USA: Trump \u00ab\u00a0fait exploser des gens comme des chiens\u00a0\u00bb, accuse une famille de Trinidad : Actualit\u00e9s"},"content":{"rendered":"<p class=\"lead \">Les proches d&rsquo;un des Trinidadiens qui auraient \u00e9t\u00e9 tu\u00e9s dans la frappe am\u00e9ricaine contre un bateau de narcotrafiquants pr\u00e9sum\u00e9s, annonc\u00e9e le 14 octobre par Donald Trump, s&rsquo;insurgent contre la politique am\u00e9ricaine. <\/p>\n<p class=\"lead \">Les autorit\u00e9s trinidadiennes n&rsquo;ont ni confirm\u00e9 ni infirm\u00e9 que deux de leurs ressortissants, Chad Joseph, 26 ans, et Rishi Samaroo, 41 ans, figuraient parmi les six morts dans la frappe am\u00e9ricaine. En revanche, la police a dit \u00e0 l&rsquo;AFP qu&rsquo;elle enqu\u00eatait \u00e0 ce sujet. <\/p>\n<p class=\"lead \">Les \u00c9tats-Unis, dont des navires de guerre conduisent des op\u00e9rations contre le narcotrafic dans les Cara\u00efbes et le Pacifique, ont revendiqu\u00e9 neuf attaques ces derni\u00e8res semaines, qui auraient fait au total 37 morts.<\/p>\n<p class=\"lead \">\u00ab\u00a0C&rsquo;est ma question au grand pr\u00e9sident (Trump). S&rsquo;il \u00e9tait s\u00fbr \u00e0 100% que ce bateau contenait de la drogue, pourquoi ne l&rsquo;a-t-il pas arr\u00eat\u00e9 et fouill\u00e9 au lieu de faire exploser des gens et des familles, comme des chiens et des chats?\u00a0\u00bb, interroge jeudi Sunita Korasingh, 38 ans, s\u0153ur de Rishi Samaroo. <\/p>\n<p class=\"lead \">L&rsquo;AFP l&rsquo;a rencontr\u00e9e \u00e0 Bim Bim Trace, quartier populaire de El Socorro, \u00e0 environ dix kilom\u00e8tres \u00e0 l&rsquo;est de la capitale Port d&rsquo;Espagne. <\/p>\n<p class=\"lead \">\u00ab\u00a0Si vous trouvez de la drogue, vous pouvez les enfermer et utiliser tous les moyens l\u00e9gaux pour traiter la situation. Mais vous ne pouvez pas simplement d\u00e9truire des navires, en tuant des gens, des familles\u00a0\u00bb, poursuit-elle. \u00ab\u00a0Rishi avait trois enfants&#8230;\u00a0\u00bb, ajoute-t-elle \u00e9mue.<\/p>\n<p class=\"lead \">Son fr\u00e8re avait \u00e9t\u00e9 en prison \u00ab\u00a0pour environ 15 ans pour meurtre\u00a0\u00bb, reconna\u00eet-elle, mais \u00ab\u00a0il a purg\u00e9 sa peine\u00a0\u00bb. \u00ab\u00a0Il est sorti. Et quand il est sorti, il \u00e9tait p\u00eacheur. Il s&rsquo;occupait des ch\u00e8vres, des animaux. Il fabriquait du fromage (&#8230;) les ramenait et les vendait.\u00a0\u00bb<\/p>\n<p class=\"lead \">&#8211; Prison pour meurtre &#8211;<\/p>\n<p class=\"lead \">Elle dit ne pas conna\u00eetre les relations de son fr\u00e8re avec Chad Joseph, l&rsquo;autre Trinidadien qui aurait \u00e9t\u00e9 tu\u00e9, et dont la presse dit qu&rsquo;il a \u00e9t\u00e9 arr\u00eat\u00e9 dans le pass\u00e9 pour trafic de drogue: \u00ab\u00a0En tant qu&rsquo;\u00eatres humains, nous faisons tous des erreurs \u00e0 un jeune \u00e2ge, \u00e0 l&rsquo;adolescence. Et nous apprenons de nos erreurs et nous grandissons gr\u00e2ce \u00e0 elles\u00a0\u00bb.<\/p>\n<p class=\"lead \">Elle assure que Rishi \u00e9tait \u00ab\u00a0une personne aimante, gentille, attentionn\u00e9e et g\u00e9n\u00e9reuse. Il \u00e9tait l\u00e0 pour vous dans les bons comme dans les mauvais moments, toujours pr\u00e9sent pour aider\u00a0\u00bb. <\/p>\n<p class=\"lead \">\u00ab\u00a0Il n&rsquo;a jamais fum\u00e9 une cigarette. Il n&rsquo;a jamais bu une bi\u00e8re de toute sa vie\u00a0\u00bb, jure-t-elle.<\/p>\n<p class=\"lead \">Mercredi soir, une trentaine de personnes s&rsquo;\u00e9tait rassembl\u00e9e sous une tente \u00e0 El Socorro, banlieue o\u00f9 il existe des zones de trafic et o\u00f9 il n&rsquo;est pas rare d&rsquo;entendre des coups de feu, selon les habitants. <\/p>\n<p class=\"lead \">Certains proches endeuill\u00e9s de Rishi Samaroo jouaient aux cartes, buvant de l&rsquo;alcool et du caf\u00e9, d&rsquo;autres \u00e9voquaient des souvenirs de lui. Selon eux, il vivait en g\u00e9n\u00e9ral \u00e0 Maraval, au nord de la capitale, et ne visitait que rarement son quartier d&rsquo;origine. <\/p>\n<p class=\"lead \">Avant que Rishi Samaroo \u00ab\u00a0ne monte sur le bateau, il m&rsquo;a appel\u00e9e en vid\u00e9o\u00a0\u00bb, a racont\u00e9 \u00e0 l&rsquo;AFP une autre s\u0153ur, Sallycar Korasingh, 31 ans et employ\u00e9e dans un parking, lors de la veill\u00e9e fun\u00e8bre mercredi soir.<\/p>\n<p class=\"lead \">\u00ab\u00a0Nous avons parl\u00e9, il m&rsquo;a montr\u00e9 qu&rsquo;il \u00e9tait sur le point de monter \u00e0 bord du bateau. C&rsquo;\u00e9tait juste avant minuit\u00a0\u00bb dans la nuit du dimanche 12 au lundi 13 octobre. \u00ab\u00a0J&rsquo;ai pris une photo de lui\u00a0\u00bb, a-t-elle pr\u00e9cis\u00e9.<\/p>\n<p class=\"lead \">\u00ab\u00a0Il ne consommait pas de drogue. Il faisait de l&rsquo;agriculture au Venezuela. Il fabriquait du fromage dans une ferme avec des ch\u00e8vres\u00a0\u00bb, souligne-t-elle, vid\u00e9o \u00e0 l&rsquo;appui dans laquelle appara\u00eet un homme qui s&rsquo;occupe de ces animaux. <\/p>\n<p class=\"lead \">Son cousin, Brandon Wills, 35 ans, menuisier, raconte aussi que M. Samaroo \u00ab\u00a0avait fait de la prison pour meurtre, il y a 16 ou 17 ans. Cela s&rsquo;\u00e9tait pass\u00e9 \u00e0 Princes Town\u00a0\u00bb, dans le sud de l&rsquo;\u00eele.<\/p>\n<p class=\"lead \">Ce jeudi, la famille a, pour annoncer la c\u00e9r\u00e9monie fun\u00e8bre de vendredi, fait imprimer une affiche avec une photo de Rishi Samaroo avec des ailes d&rsquo;ange dans le dos et la mention \u00ab\u00a0Parti, mais jamais oubli\u00e9. A jamais dans nos c\u0153urs\u00a0\u00bb. <\/p>\n<p class=\"lead \">Dans le petit village de Las Cuevas, \u00e0 une heure de route au nord de Port-d&rsquo;Espagne, des proches de Chad Joseph ont \u00e9galement affirm\u00e9 \u00e0 l&rsquo;AFP que le jeune homme n&rsquo;\u00e9tait pas impliqu\u00e9 dans le narcotrafic. <\/p>\n<p class=\"lead \">Selon la tante de ce dernier, il \u00e9tait \u00ab\u00a0p\u00eacheur depuis qu&rsquo;il \u00e9tait petit (&#8230;) Il est all\u00e9 au Venezuela. Il aidait les gens, d\u00e9frichait, travaillait la terre. Il faisait toutes sortes de petits boulots\u00a0\u00bb.<\/p>\n<p class=\"lead \">R\u00e9put\u00e9 pour son carnaval et ses plages, Trinidad-et-Tobago, archipel anglophone de 1,4 million d&rsquo;habitants, n&rsquo;est situ\u00e9 qu&rsquo;\u00e0 une dizaine de kilom\u00e8tres de son grand voisin v\u00e9n\u00e9zu\u00e9lien de 30 millions d&rsquo;habitants.<\/p>\n","protected":false},"excerpt":{"rendered":"Les proches d&rsquo;un des Trinidadiens qui auraient \u00e9t\u00e9 tu\u00e9s dans la frappe am\u00e9ricaine contre un bateau de narcotrafiquants&hellip;\n","protected":false},"author":2,"featured_media":485270,"comment_status":"","ping_status":"","sticky":false,"template":"","format":"standard","meta":{"footnotes":""},"categories":[1589],"tags":[11,2120,312,3992,73,1866,12,60847,1864,1865,1863,308,337],"class_list":{"0":"post-485269","1":"post","2":"type-post","3":"status-publish","4":"format-standard","5":"has-post-thumbnail","7":"category-etats-unis","8":"tag-actualites","9":"tag-conflit","10":"tag-diplomatie","11":"tag-drogues","12":"tag-etats-unis","13":"tag-etats-unis-damerique","14":"tag-news","15":"tag-trinit-et-tobago","16":"tag-united-states","17":"tag-united-states-of-america","18":"tag-us","19":"tag-usa","20":"tag-venezuela"},"share_on_mastodon":{"url":"https:\/\/pubeurope.com\/@fr\/115425639402999421","error":""},"_links":{"self":[{"href":"https:\/\/www.europesays.com\/fr\/wp-json\/wp\/v2\/posts\/485269","targetHints":{"allow":["GET"]}}],"collection":[{"href":"https:\/\/www.europesays.com\/fr\/wp-json\/wp\/v2\/posts"}],"about":[{"href":"https:\/\/www.europesays.com\/fr\/wp-json\/wp\/v2\/types\/post"}],"author":[{"embeddable":true,"href":"https:\/\/www.europesays.com\/fr\/wp-json\/wp\/v2\/users\/2"}],"replies":[{"embeddable":true,"href":"https:\/\/www.europesays.com\/fr\/wp-json\/wp\/v2\/comments?post=485269"}],"version-history":[{"count":0,"href":"https:\/\/www.europesays.com\/fr\/wp-json\/wp\/v2\/posts\/485269\/revisions"}],"wp:featuredmedia":[{"embeddable":true,"href":"https:\/\/www.europesays.com\/fr\/wp-json\/wp\/v2\/media\/485270"}],"wp:attachment":[{"href":"https:\/\/www.europesays.com\/fr\/wp-json\/wp\/v2\/media?parent=485269"}],"wp:term":[{"taxonomy":"category","embeddable":true,"href":"https:\/\/www.europesays.com\/fr\/wp-json\/wp\/v2\/categories?post=485269"},{"taxonomy":"post_tag","embeddable":true,"href":"https:\/\/www.europesays.com\/fr\/wp-json\/wp\/v2\/tags?post=485269"}],"curies":[{"name":"wp","href":"https:\/\/api.w.org\/{rel}","templated":true}]}}