{"id":485275,"date":"2025-10-23T21:39:10","date_gmt":"2025-10-23T21:39:10","guid":{"rendered":"https:\/\/www.europesays.com\/fr\/485275\/"},"modified":"2025-10-23T21:39:10","modified_gmt":"2025-10-23T21:39:10","slug":"leurope-fait-un-premier-pas-vers-lutilisation-des-avoirs-russes-au-profit-de-lukraine","status":"publish","type":"post","link":"https:\/\/www.europesays.com\/fr\/485275\/","title":{"rendered":"L\u2019Europe fait un premier pas vers l\u2019utilisation des avoirs russes au profit de l\u2019Ukraine"},"content":{"rendered":"<p>Les dirigeants de l\u2019UE ont demand\u00e9, jeudi 23\u00a0octobre 2025, \u00e0 la Commission europ\u00e9enne d\u2019explorer les moyens de financer l\u2019Ukraine sur les deux ann\u00e9es \u00e0 venir en laissant la porte ouverte \u00e0 la mise en place d\u2019un pr\u00eat s\u2019appuyant sur les avoirs russes gel\u00e9s, ont indiqu\u00e9 plusieurs diplomates \u00e0 l\u2019AFP.<\/p>\n<p>Cette proposition, <a href=\"https:\/\/rennes.maville.com\/actu\/actudet_-carte.-guerre-en-ukraine-rapatriement-des-corps-utilisation-d-avoirs-russes...-le-point-du-jour-_54135-7034190_actu.Htm\" target=\"_blank\" rel=\"noopener\">d\u00e9fendue par le pr\u00e9sident ukrainien Volodymyr Zelensky,<\/a> est d\u00e9lib\u00e9r\u00e9ment formul\u00e9e en termes tr\u00e8s larges afin de prendre en compte les fortes r\u00e9serves de la Belgique sur le dossier.<\/p>\n<p>Plus d\u2019informations \u00e0 venir\u2026<\/p>\n<p>\u00a0<\/p>\n","protected":false},"excerpt":{"rendered":"Les dirigeants de l\u2019UE ont demand\u00e9, jeudi 23\u00a0octobre 2025, \u00e0 la Commission europ\u00e9enne d\u2019explorer les moyens de financer&hellip;\n","protected":false},"author":2,"featured_media":485276,"comment_status":"","ping_status":"","sticky":false,"template":"","format":"standard","meta":{"footnotes":""},"categories":[1586],"tags":[11,1438,49092,1777,674,21,1011,27,12,18851,25,2536,220,34303],"class_list":{"0":"post-485275","1":"post","2":"type-post","3":"status-publish","4":"format-standard","5":"has-post-thumbnail","7":"category-europe","8":"tag-actualites","9":"tag-angers","10":"tag-avoirs","11":"tag-eu","12":"tag-europe","13":"tag-fait","14":"tag-fr","15":"tag-france","16":"tag-news","17":"tag-profit","18":"tag-republique-francaise","19":"tag-russes","20":"tag-ukraine","21":"tag-utilisation"},"share_on_mastodon":{"url":"https:\/\/pubeurope.com\/@fr\/115425651389998645","error":""},"_links":{"self":[{"href":"https:\/\/www.europesays.com\/fr\/wp-json\/wp\/v2\/posts\/485275","targetHints":{"allow":["GET"]}}],"collection":[{"href":"https:\/\/www.europesays.com\/fr\/wp-json\/wp\/v2\/posts"}],"about":[{"href":"https:\/\/www.europesays.com\/fr\/wp-json\/wp\/v2\/types\/post"}],"author":[{"embeddable":true,"href":"https:\/\/www.europesays.com\/fr\/wp-json\/wp\/v2\/users\/2"}],"replies":[{"embeddable":true,"href":"https:\/\/www.europesays.com\/fr\/wp-json\/wp\/v2\/comments?post=485275"}],"version-history":[{"count":0,"href":"https:\/\/www.europesays.com\/fr\/wp-json\/wp\/v2\/posts\/485275\/revisions"}],"wp:featuredmedia":[{"embeddable":true,"href":"https:\/\/www.europesays.com\/fr\/wp-json\/wp\/v2\/media\/485276"}],"wp:attachment":[{"href":"https:\/\/www.europesays.com\/fr\/wp-json\/wp\/v2\/media?parent=485275"}],"wp:term":[{"taxonomy":"category","embeddable":true,"href":"https:\/\/www.europesays.com\/fr\/wp-json\/wp\/v2\/categories?post=485275"},{"taxonomy":"post_tag","embeddable":true,"href":"https:\/\/www.europesays.com\/fr\/wp-json\/wp\/v2\/tags?post=485275"}],"curies":[{"name":"wp","href":"https:\/\/api.w.org\/{rel}","templated":true}]}}