{"id":485289,"date":"2025-10-23T21:47:13","date_gmt":"2025-10-23T21:47:13","guid":{"rendered":"https:\/\/www.europesays.com\/fr\/485289\/"},"modified":"2025-10-23T21:47:13","modified_gmt":"2025-10-23T21:47:13","slug":"resultat-reilly-opelka-botic-van-de-zandschulp-atp-500-bale-deuxieme-tour-jeudi-23-octobre-2025-lequipe","status":"publish","type":"post","link":"https:\/\/www.europesays.com\/fr\/485289\/","title":{"rendered":"R\u00e9sultat : Reilly Opelka &#8211; Botic Van De Zandschulp, ATP 500, B\u00e2le, Deuxi\u00e8me tour, Jeudi 23 octobre 2025 &#8211; L&#039;\u00c9quipe"},"content":{"rendered":"<ol>\n<li><a href=\"https:\/\/news.google.com\/rss\/articles\/CBMizgFBVV95cUxOS3hnWUZEQjZSYjJ5MkxnaWJIRGQwQzVRaVdydm5wOTdLWC00dmg0TjlZdU1randXUUlaMGFOVndBMTBhaUpVQlRrVkx4bTRmc0lIMDVWZXpiM0w1b2ZtTXBuSDFXN3FGSHkxZE5lWTRRZGFLWWhINHNiYzk3ZkJSbmxqMERZbWhiZHdaOWtRa0RWcVBNMmR1ajNaUUI3ajRFaFhJaWtjZlI4YURPM3NYYWxNT1FkOHZMTHBIYVRvanVoY2hMTlVhN0dNVWNvQQ?oc=5\" target=\"_blank\" rel=\"nofollow noopener\">R\u00e9sultat : Reilly Opelka &#8211; Botic Van De Zandschulp, ATP 500, B\u00e2le, Deuxi\u00e8me tour, Jeudi 23 octobre 2025<\/a>&nbsp;&nbsp;L&rsquo;\u00c9quipe<\/li>\n<li><a href=\"https:\/\/news.google.com\/rss\/articles\/CBMijgFBVV95cUxPTWpOYjBIX1pOWkxkSXY3bEhDUWlPd2oweE0yTE1OYXA2VUtSNnhHREh5Q0p3MXk4WmhRb01nenRsWU01N0U3S3JJWGFkMFp1Zl9od1lGcHMyVlVzbURHNGxUM2xhN2wxRlJIUXp4VXBEOENZX3VxS3ZCQWF2MW1VWWV2Zm1qOEEwbENTRldR?oc=5\" target=\"_blank\" rel=\"nofollow noopener\">Pronostic Reilly Opelka &#8211; Botic Van De Zandschulp, ATP B\u00e2le<\/a>&nbsp;&nbsp;SportyTrader<\/li>\n<li><a href=\"https:\/\/news.google.com\/rss\/articles\/CBMijAFBVV95cUxOZHRoTVg4dlhCVzNOS1VYeVlXejRwRmhOR1E5QllDbnNNNWNNNHh4S3RkdlBtbTF4Vmc1QlEzbW5nTktZam11RGt2MmhueGZfSDRTSmdrTDAwNGE3NUVLdzBQRjNuMXZod21qYjJ6bnNlcTRuWkJMWnMtcnZjWGMyMmNzRnFmNk5TTnJEaw?oc=5\" target=\"_blank\" rel=\"nofollow noopener\">Pronostic Botic Van De Zandschulp &#8211; Jiri Lehecka, ATP B\u00e2le<\/a>&nbsp;&nbsp;SportyTrader<\/li>\n<li><a href=\"https:\/\/news.google.com\/rss\/articles\/CBMizAFBVV95cUxNci05aHRyWjV1R20yMy13LTUwTzQtVU83T3ozZHpYX3BGTmdqX3R2eEp6SmNTOXU3c2dXOEQxMXpERC1UV1VYVG41U2M3eTZjajFHY3ExM2l6ZHhWQmRKMFZndzk5SXVGQktobjVKa2FaOVN0RExDMjBKeUJ0R0ZPajNXREx2QTlrSjdKMkFwQVFoSDV4VGlscjEwVEEyR0lraGo2XzI0S3RGTHAxdUM2UlRCWndiVk1GWXRxdTBxTnplT1FDVXUtMlpTV1g?oc=5\" target=\"_blank\" rel=\"nofollow noopener\">R\u00e9sultat : Botic Van De Zandschulp &#8211; Jiri Lehecka, ATP 500, B\u00e2le, Premier tour, Mercredi 22 octobre 2025<\/a>&nbsp;&nbsp;L&rsquo;\u00c9quipe<\/li>\n<\/ol>\n","protected":false},"excerpt":{"rendered":"R\u00e9sultat : Reilly Opelka &#8211; Botic Van De Zandschulp, ATP 500, B\u00e2le, Deuxi\u00e8me tour, Jeudi 23 octobre 2025&nbsp;&nbsp;L&rsquo;\u00c9quipe&hellip;\n","protected":false},"author":2,"featured_media":1983,"comment_status":"","ping_status":"","sticky":false,"template":"","format":"standard","meta":{"footnotes":""},"categories":[1415],"tags":[1011,27,60,1467],"class_list":{"0":"post-485289","1":"post","2":"type-post","3":"status-publish","4":"format-standard","5":"has-post-thumbnail","7":"category-tennis","8":"tag-fr","9":"tag-france","10":"tag-sports","11":"tag-tennis"},"share_on_mastodon":{"url":"https:\/\/pubeurope.com\/@fr\/115425682570455320","error":""},"_links":{"self":[{"href":"https:\/\/www.europesays.com\/fr\/wp-json\/wp\/v2\/posts\/485289","targetHints":{"allow":["GET"]}}],"collection":[{"href":"https:\/\/www.europesays.com\/fr\/wp-json\/wp\/v2\/posts"}],"about":[{"href":"https:\/\/www.europesays.com\/fr\/wp-json\/wp\/v2\/types\/post"}],"author":[{"embeddable":true,"href":"https:\/\/www.europesays.com\/fr\/wp-json\/wp\/v2\/users\/2"}],"replies":[{"embeddable":true,"href":"https:\/\/www.europesays.com\/fr\/wp-json\/wp\/v2\/comments?post=485289"}],"version-history":[{"count":0,"href":"https:\/\/www.europesays.com\/fr\/wp-json\/wp\/v2\/posts\/485289\/revisions"}],"wp:featuredmedia":[{"embeddable":true,"href":"https:\/\/www.europesays.com\/fr\/wp-json\/wp\/v2\/media\/1983"}],"wp:attachment":[{"href":"https:\/\/www.europesays.com\/fr\/wp-json\/wp\/v2\/media?parent=485289"}],"wp:term":[{"taxonomy":"category","embeddable":true,"href":"https:\/\/www.europesays.com\/fr\/wp-json\/wp\/v2\/categories?post=485289"},{"taxonomy":"post_tag","embeddable":true,"href":"https:\/\/www.europesays.com\/fr\/wp-json\/wp\/v2\/tags?post=485289"}],"curies":[{"name":"wp","href":"https:\/\/api.w.org\/{rel}","templated":true}]}}