{"id":485292,"date":"2025-10-23T21:50:20","date_gmt":"2025-10-23T21:50:20","guid":{"rendered":"https:\/\/www.europesays.com\/fr\/485292\/"},"modified":"2025-10-23T21:50:20","modified_gmt":"2025-10-23T21:50:20","slug":"mclaren-a-efface-la-sanction-de-norris-apres-laccident-daustin","status":"publish","type":"post","link":"https:\/\/www.europesays.com\/fr\/485292\/","title":{"rendered":"McLaren a effac\u00e9 la sanction de Norris apr\u00e8s l&rsquo;accident d&rsquo;Austin"},"content":{"rendered":"<p><a href=\"https:\/\/fr.motorsport.com\/driver\/oscar-piastri\/835356\/\" target=\"_blank\" rel=\"noopener\">Oscar Piastri<\/a> a confirm\u00e9 \u00e0 Mexico que, suite \u00e0 l&rsquo;incident du d\u00e9part du sprint du Grand Prix des \u00c9tats-Unis le week-end dernier, les fameuses \u00ab\u00a0r\u00e9percussions\u00a0\u00bb subies par <a href=\"https:\/\/fr.motorsport.com\/driver\/lando-norris\/289708\/\" target=\"_blank\" rel=\"noopener\">Lando Norris<\/a>\u00a0en raison de leur contact du premier tour \u00e0 Singapour ont \u00e9t\u00e9 effac\u00e9es. L&rsquo;Australien a \u00e9galement assum\u00e9 \u00ab\u00a0une part de responsabilit\u00e9\u00a0\u00bb dans l&rsquo;incident d&rsquo;Austin.<\/p>\n<p>Apr\u00e8s le GP de Singapour, lors duquel Norris est entr\u00e9 involontairement en contact avec Piastri lors d&rsquo;une attaque dans les premiers virages, le Britannique avait \u00e9t\u00e9 l\u00e9g\u00e8rement sanctionn\u00e9 par <a href=\"https:\/\/fr.motorsport.com\/team\/mclaren\/609\/\" target=\"_blank\" rel=\"noopener\">McLaren<\/a>, l&rsquo;\u00e9curie l&rsquo;en jugeant responsable. La sanction consistait selon toute vraisemblance en une priorit\u00e9 donn\u00e9e \u00e0 son \u00e9quipier dans le choix de l&rsquo;ordre de sortie des stands en qualifications.\u00a0<\/p>\n<p>Toutefois, deux semaines plus tard, un autre contact a eu lieu entre les deux pilotes \u00e0 Austin, avec des cons\u00e9quences cette fois bien plus graves puisque cet accrochage les a tous les deux \u00e9limin\u00e9s du sprint. Si leur collision n&rsquo;est, en elle-m\u00eame, qu&rsquo;une cons\u00e9quence d&rsquo;un premier contact entre <a href=\"https:\/\/fr.motorsport.com\/driver\/nico-hulkenberg\/84891\/\" target=\"_blank\" rel=\"noopener\">Nico H\u00fclkenberg<\/a> et Piastri, le leader du championnat en a quand m\u00eame \u00e9t\u00e9 jug\u00e9 plut\u00f4t responsable, une responsabilit\u00e9 qu&rsquo;il semble d&rsquo;ailleurs accepter.<\/p>\n<blockquote>\n<p>J&rsquo;ai une part de responsabilit\u00e9 dans [l&rsquo;accrochage du] sprint et nous commencerons ce week-end avec une ardoise vierge pour nous deux.<\/p>\n<\/blockquote>\n<p>C&rsquo;est en effet en tentant de d\u00e9croiser Norris, qui avait frein\u00e9 plus tard sur l&rsquo;int\u00e9rieur, que Piastri avait braqu\u00e9 trop fort sur H\u00fclkenberg qui se trouvait \u00e0 l&rsquo;int\u00e9rieur et entra\u00een\u00e9 la suite de la s\u00e9quence. D\u00e9sormais, les deux candidats au titre, qui ont encore vu <a href=\"https:\/\/fr.motorsport.com\/driver\/max-verstappen\/93029\/\" target=\"_blank\" rel=\"noopener\">Max Verstappen<\/a> leur reprendre de gros points au Texas, abordent donc les cinq derni\u00e8res manches de la saison avec une \u00ab\u00a0ardoise vierge\u00a0\u00bb, selon les mots du pilote McLaren. Un partout, balle au centre donc.<\/p>\n<p>\u00ab\u00a0Nous avons revu tout cela ; nous revoyons tout chaque week-end, peu importe ce qui s&rsquo;est pass\u00e9\u00a0\u00bb, a expliqu\u00e9 Piastri en conf\u00e9rence de presse.\u00a0\u00ab\u00a0Je pense que j&rsquo;ai une part de responsabilit\u00e9 dans le sprint et nous commencerons ce week-end avec une ardoise vierge pour nous deux.\u00a0\u00bb<\/p>\n<p>\u00ab\u00a0Nous allons simplement faire la course et voir qui en sortira vainqueur. Les cons\u00e9quences pour Lando ont \u00e9t\u00e9 supprim\u00e9es. Oui, au final, c&rsquo;\u00e9tait [le d\u00e9croisement]. De nombreux facteurs ont jou\u00e9, mais en fin de compte, oui, c&rsquo;est ce qui a \u00e9t\u00e9 d\u00e9cid\u00e9.\u00a0\u00bb<\/p>\n<p>Piastri puise dans son pass\u00e9 pour se rassurer<br \/>\n   <img decoding=\"async\" draggable=\"false\" src=\"https:\/\/www.europesays.com\/fr\/wp-content\/uploads\/2025\/10\/1761256220_885_oscar-piastri-mclaren.jpg\" alt=\"Oscar Piastri (McLaren)\" width=\"1200\" height=\"800\" loading=\"lazy\"\/> <\/p>\n<p class=\"title\">Oscar Piastri (McLaren)<\/p>\n<p class=\"photographer\">Photo de: Andy Hone\/ LAT Images via Getty Images<\/p>\n<p>Piastri a ajout\u00e9 que la pression suppl\u00e9mentaire li\u00e9e au fait que ses deux rivaux pour le titre se soient rapproch\u00e9s, Norris n&rsquo;accusant plus que 14 points de retard et Verstappen 40, ne changeait pas son approche m\u00eame s&rsquo;il ne pouvait pas occulter le retour en forme clair et net de <a href=\"https:\/\/fr.motorsport.com\/team\/red-bull\/553\/\" target=\"_blank\" rel=\"noopener\">Red Bull<\/a>. L&rsquo;Australien pr\u00e9f\u00e8re se rem\u00e9morer une exp\u00e9rience personnelle pass\u00e9e et heureuse, celle des titres F3 de 2020 et de Formule Renault en 2019, eux aussi glan\u00e9s dans des conditions similaires.<\/p>\n<p>\u00ab\u00a0Il est clair qu&rsquo;au cours des derniers week-ends, Red Bull et Max ont trouv\u00e9 une certaine r\u00e9gularit\u00e9. On avait d\u00e9j\u00e0 vu des fulgurances de ce genre plus t\u00f4t dans la saison, mais je pense que ces derniers week-ends, ils ont \u00e9t\u00e9 tr\u00e8s constants. Je suis s\u00fbr qu&rsquo;ils seront \u00e0 nouveau une menace ce week-end et nous ferons de notre mieux pour tirer le maximum de notre voiture et voir o\u00f9 cela nous m\u00e8nera.\u00a0\u00bb<\/p>\n<p>\u00ab\u00a0Il y a certaines similitudes [avec mon titre en F3]. Je pense qu&rsquo;au final, dans ce championnat, je me sens plus fort que je ne l&rsquo;\u00e9tais cette ann\u00e9e-l\u00e0 et certaines choses sont un peu diff\u00e9rentes. Je pense que c&rsquo;est aussi similaire au championnat de Formule Renault que j&rsquo;ai disput\u00e9 &#8211; \u00e0 certains \u00e9gards, c&rsquo;est effrayant \u00e0 quel point c&rsquo;est similaire. Je pense que ce qui est positif, c&rsquo;est que j&rsquo;ai la preuve que je peux y arriver et que j&rsquo;ai remport\u00e9 ces deux championnats. C&rsquo;est agr\u00e9able de se rem\u00e9morer ces moments, c&rsquo;est certain.\u00a0\u00bb<\/p>\n<p>\u00ab\u00a0Je sais aussi que ce n&rsquo;est pas parce que je l&rsquo;ai d\u00e9j\u00e0 fait que cela va automatiquement se reproduire cette fois-ci. C&rsquo;est agr\u00e9able de repenser \u00e0 la fa\u00e7on dont j&rsquo;ai g\u00e9r\u00e9 ces situations dans le pass\u00e9, \u00e0 l&rsquo;exp\u00e9rience que j&rsquo;en ai tir\u00e9e et \u00e0 la mani\u00e8re dont je peux l&rsquo;appliquer cette ann\u00e9e.\u00a0\u00bb<\/p>\n<p style=\"text-align: right;\">Avec\u00a0Jake Boxall-Legge<\/p>\n<p>Lire aussi :<\/p>\n<p>            Votre avis nous int\u00e9resse !<\/p>\n<p class=\"mt-auto\">Qu&rsquo;aimeriez-vous voir sur Motorsport.com ?<\/p>\n<p>            <a href=\"#\" class=\"ms-link text-link font-bold\">R\u00e9pondez \u00e0 notre enqu\u00eate en 5 minutes.<\/a><\/p>\n<p class=\"mt-1 text-body\">&#8211; L&rsquo;\u00e9quipe Motorsport.com<\/p>\n","protected":false},"excerpt":{"rendered":"Oscar Piastri a confirm\u00e9 \u00e0 Mexico que, suite \u00e0 l&rsquo;incident du d\u00e9part du sprint du Grand Prix des&hellip;\n","protected":false},"author":2,"featured_media":485293,"comment_status":"","ping_status":"","sticky":false,"template":"","format":"standard","meta":{"footnotes":""},"categories":[1412],"tags":[60443,1451,1452,1453,1454,1455,1011,27,60849,2243,4475,2241,60848,60],"class_list":{"0":"post-485292","1":"post","2":"type-post","3":"status-publish","4":"format-standard","5":"has-post-thumbnail","7":"category-f1","8":"tag-autodromo-hermanos-rodriguez","9":"tag-f1","10":"tag-formula-1","11":"tag-formula1","12":"tag-formule-1","13":"tag-formule1","14":"tag-fr","15":"tag-france","16":"tag-gp-de-mexico","17":"tag-lando-norris","18":"tag-mclaren","19":"tag-oscar-piastri","20":"tag-piastriu00a0-mclaren-a-effacu00e9-la-sanction-de-norris-apru00e8s-laccident-daustin","21":"tag-sports"},"share_on_mastodon":{"url":"https:\/\/pubeurope.com\/@fr\/115425694602833442","error":""},"_links":{"self":[{"href":"https:\/\/www.europesays.com\/fr\/wp-json\/wp\/v2\/posts\/485292","targetHints":{"allow":["GET"]}}],"collection":[{"href":"https:\/\/www.europesays.com\/fr\/wp-json\/wp\/v2\/posts"}],"about":[{"href":"https:\/\/www.europesays.com\/fr\/wp-json\/wp\/v2\/types\/post"}],"author":[{"embeddable":true,"href":"https:\/\/www.europesays.com\/fr\/wp-json\/wp\/v2\/users\/2"}],"replies":[{"embeddable":true,"href":"https:\/\/www.europesays.com\/fr\/wp-json\/wp\/v2\/comments?post=485292"}],"version-history":[{"count":0,"href":"https:\/\/www.europesays.com\/fr\/wp-json\/wp\/v2\/posts\/485292\/revisions"}],"wp:featuredmedia":[{"embeddable":true,"href":"https:\/\/www.europesays.com\/fr\/wp-json\/wp\/v2\/media\/485293"}],"wp:attachment":[{"href":"https:\/\/www.europesays.com\/fr\/wp-json\/wp\/v2\/media?parent=485292"}],"wp:term":[{"taxonomy":"category","embeddable":true,"href":"https:\/\/www.europesays.com\/fr\/wp-json\/wp\/v2\/categories?post=485292"},{"taxonomy":"post_tag","embeddable":true,"href":"https:\/\/www.europesays.com\/fr\/wp-json\/wp\/v2\/tags?post=485292"}],"curies":[{"name":"wp","href":"https:\/\/api.w.org\/{rel}","templated":true}]}}