{"id":485298,"date":"2025-10-23T21:54:11","date_gmt":"2025-10-23T21:54:11","guid":{"rendered":"https:\/\/www.europesays.com\/fr\/485298\/"},"modified":"2025-10-23T21:54:11","modified_gmt":"2025-10-23T21:54:11","slug":"sa-chroniqueuse-setouffe-en-pleine-e","status":"publish","type":"post","link":"https:\/\/www.europesays.com\/fr\/485298\/","title":{"rendered":"sa chroniqueuse s\u2019\u00e9touffe en pleine \u00e9 &#8230;"},"content":{"rendered":"<p>EN BREF<\/p>\n<ul class=\"bloc_resume_post_list\">\n<li>Le 22 octobre, sur le plateau de Quotidien, Ang\u00e8le Imbert<br \/>\na \u00e9t\u00e9 surprise en plein direct avec un morceau de saucisson coinc\u00e9<br \/>\ndans la gorge.<\/li>\n<li>L\u00a0\u00bbincident a provoqu\u00e9 une r\u00e9action imm\u00e9diate de l&rsquo;\u00e9quipe<br \/>\net de Yann Barth\u00e8s, transformant le moment en une s\u00e9quence<br \/>\nm\u00e9morable.<\/li>\n<li>Un autre moment inattendu de Quotidien a eu lieu le 27<br \/>\nseptembre avec des punaises de lit renvers\u00e9es en<br \/>\ndirect.<\/li>\n<\/ul>\n<p>C\u2019est une s\u00e9quence que personne n\u2019aurait pu pr\u00e9voir sur le<br \/>\nplateau de <a href=\"https:\/\/www.telestar.fr\/actu_tv\/quotidien\/tu-nques-et-en-meme-temps-tu-sequence-lunaire-sur-le-plateau-de-quotidien-1742528\" target=\"_blank\" rel=\"noopener\"><br \/>\nQuotidien<\/a>. En plein direct, la bonne humeur habituelle de<br \/>\nl\u2019\u00e9quipe a vir\u00e9 \u00e0 la panique lorsqu\u2019une chroniqueuse a \u00e9t\u00e9 victime<br \/>\nd\u2019un <strong>incident aussi inattendu que cocasse<\/strong> : un<br \/>\nmorceau de saucisson lui est rest\u00e9&#8230; en travers de la gorge.<br \/>\nDevant un <a href=\"https:\/\/www.telestar.fr\/actu_tv\/quotidien\/rien-a-voir-yann-barthes-recadre-fermement-une-chroniqueuse-qui-ne-fait-plus-confiance-aux-hommes-malaise-1741304\" target=\"_blank\" rel=\"noopener\"><br \/>\nYann Barth\u00e8s<\/a> m\u00e9dus\u00e9 et un public fig\u00e9, <strong>l\u2019\u00e9quipe a<br \/>\naussit\u00f4t r\u00e9agi pour lui venir en aide.<\/strong> Plus de peur que de<br \/>\nmal, mais un moment de t\u00e9l\u00e9vision que les t\u00e9l\u00e9spectateurs ne sont<br \/>\npas pr\u00e8s d\u2019oublier.<\/p>\n<p>Retour en arri\u00e8re. Le 22 octobre, entre deux coupures pub, les<br \/>\nchroniqueurs se sont visiblement fait plaisir. Mais l&rsquo;antenne<br \/>\nreprend parfois quand on ne s&rsquo;y attend pas&#8230; Et, en effet, en<br \/>\nouverture d&rsquo;\u00e9mission, les lumi\u00e8res des projecteurs <strong>se sont<br \/>\nallum\u00e9es sur Ang\u00e8le Imbert,<\/strong> la chroniqueuse qui remplace<br \/>\n<a href=\"https:\/\/www.telestar.fr\/actu-tv\/quotidien\/etienne-carbonnier-quotidien-repond-aux-haters-il-y-aura-toujours-des-mecontents-576274\" target=\"_blank\" rel=\"noopener\"><br \/>\nEtienne Carbonnier<\/a> pendant ses cong\u00e9s. Probl\u00e8me ? Cette<br \/>\nderni\u00e8re \u00e9tait en train de d\u00e9vorer un petit casse-cro\u00fbte.<\/p>\n<p>Yann Barth\u00e8s : \u00ab\u00a0\u00c7a va ? \u00c7a va ?\u00a0\u00bb<\/p>\n<p>\u00ab\u00a0\u00c7a va Ang\u00e8le ? \u00c7a va ?\u00a0\u00bb l&rsquo;a taquin\u00e9 Yann Barth\u00e8s.<br \/>\n\u00ab\u00a0Non mais arr\u00eates, tu peux pas faire \u00e7a !\u00a0\u00bb s&rsquo;est d\u00e9fendu<br \/>\nla journaliste, g\u00ean\u00e9e (et ne parvenant pas \u00e0 m\u00e2cher). En plateau,<br \/>\nhilare, <strong>elle mettait sa main devant sa bouche.<\/strong><br \/>\nTout en s&rsquo;offusquant en s&rsquo;\u00e9touffant \u00e0 moiti\u00e9 : \u00ab\u00a0Mais il me tend<br \/>\ndes pi\u00e8ges ! Mais <strong>je pensais qu&rsquo;il \u00e9tait sympa, et en<br \/>\nfait,<\/strong> il me donne un bout de saucisson !\u00a0\u00bb<\/p>\n<p>Alors, pi\u00e8ge de l&rsquo;humoriste <a href=\"https:\/\/www.telestar.fr\/actu_tv\/quotidien-accuse-de-racisme-pablo-mira-tente-une-blague-limite-yann-barthes-ne-sait-pas-ou-se-mettre-1676454\" target=\"_blank\" rel=\"noopener\"><br \/>\nPablo Mir<\/a>a ou v\u00e9ritable volont\u00e9 de n<strong>ourrir<br \/>\nconvenablement les chroniqueurs<\/strong> entre deux plages de<br \/>\ntravail ? \u00ab\u00a0Eh oui, il y a du saucisson qui circule !\u00a0\u00bb a en<br \/>\ntout cas d\u00e9voil\u00e9 le pr\u00e9sentateur. Ajoutant, taquin : \u00ab\u00a0Si vous<br \/>\nvoulez du saucisson pendant la pub, n&rsquo;h\u00e9sitez pas, on vous en<br \/>\ndonnera !\u00a0\u00bb\u00a0<\/p>\n<p>Quand le pr\u00e9sentateur avait renvers\u00e9<br \/>\ndes punaises de lit en plateau<\/p>\n<p>Ce n\u2019est d\u2019ailleurs pas la premi\u00e8re fois que Quotidien fait parler de lui pour un<br \/>\nmoment inattendu. Le 27 septembre 2023, <strong>Yann Barth\u00e8s avait<br \/>\namen\u00e9 un bocal rempli de punaises de lit<\/strong> pour une<br \/>\nchronique sur le fl\u00e9au. En agitant le pot, il l\u2019a<br \/>\nmalencontreusement renvers\u00e9\u2026 et les insectes s&rsquo;\u00e9taient r\u00e9pandus aux<br \/>\npieds de l\u2019\u00e9quipe !<\/p>\n<p>Les cris d\u2019horreur des chroniqueurs et le petit chaos qui a<br \/>\nsuivi en plein direct ont donn\u00e9 un moment de t\u00e9l\u00e9 inattendu,<br \/>\n<strong>mi-angoissant, mi-marrant.<\/strong> Un exemple parfait du<br \/>\nm\u00e9lange info\/anecdote qui fait le succ\u00e8s de <a href=\"https:\/\/www.telestar.fr\/actu_tv\/quotidien-un-chroniqueur-tente-une-blague-sur-gerard-miller-froid-glacial-en-plateau-1742140\" target=\"_blank\" rel=\"noopener\"><br \/>\nl&rsquo;\u00e9mission<\/a>.<\/p>\n","protected":false},"excerpt":{"rendered":"EN BREF Le 22 octobre, sur le plateau de Quotidien, Ang\u00e8le Imbert a \u00e9t\u00e9 surprise en plein direct&hellip;\n","protected":false},"author":2,"featured_media":485299,"comment_status":"","ping_status":"","sticky":false,"template":"","format":"standard","meta":{"footnotes":""},"categories":[1359],"tags":[548,58,59,1011,27,973,1405],"class_list":{"0":"post-485298","1":"post","2":"type-post","3":"status-publish","4":"format-standard","5":"has-post-thumbnail","7":"category-people","8":"tag-article-simple","9":"tag-divertissement","10":"tag-entertainment","11":"tag-fr","12":"tag-france","13":"tag-people","14":"tag-yann-barthes"},"share_on_mastodon":{"url":"https:\/\/pubeurope.com\/@fr\/115425710443472742","error":""},"_links":{"self":[{"href":"https:\/\/www.europesays.com\/fr\/wp-json\/wp\/v2\/posts\/485298","targetHints":{"allow":["GET"]}}],"collection":[{"href":"https:\/\/www.europesays.com\/fr\/wp-json\/wp\/v2\/posts"}],"about":[{"href":"https:\/\/www.europesays.com\/fr\/wp-json\/wp\/v2\/types\/post"}],"author":[{"embeddable":true,"href":"https:\/\/www.europesays.com\/fr\/wp-json\/wp\/v2\/users\/2"}],"replies":[{"embeddable":true,"href":"https:\/\/www.europesays.com\/fr\/wp-json\/wp\/v2\/comments?post=485298"}],"version-history":[{"count":0,"href":"https:\/\/www.europesays.com\/fr\/wp-json\/wp\/v2\/posts\/485298\/revisions"}],"wp:featuredmedia":[{"embeddable":true,"href":"https:\/\/www.europesays.com\/fr\/wp-json\/wp\/v2\/media\/485299"}],"wp:attachment":[{"href":"https:\/\/www.europesays.com\/fr\/wp-json\/wp\/v2\/media?parent=485298"}],"wp:term":[{"taxonomy":"category","embeddable":true,"href":"https:\/\/www.europesays.com\/fr\/wp-json\/wp\/v2\/categories?post=485298"},{"taxonomy":"post_tag","embeddable":true,"href":"https:\/\/www.europesays.com\/fr\/wp-json\/wp\/v2\/tags?post=485298"}],"curies":[{"name":"wp","href":"https:\/\/api.w.org\/{rel}","templated":true}]}}