{"id":485313,"date":"2025-10-23T22:02:12","date_gmt":"2025-10-23T22:02:12","guid":{"rendered":"https:\/\/www.europesays.com\/fr\/485313\/"},"modified":"2025-10-23T22:02:12","modified_gmt":"2025-10-23T22:02:12","slug":"franz-olivier-giesbert-provoque-yann-barthes","status":"publish","type":"post","link":"https:\/\/www.europesays.com\/fr\/485313\/","title":{"rendered":"Franz-Olivier Giesbert provoque Yann Barth\u00e8s"},"content":{"rendered":"<p>    Franz-Olivier Giesbert et Yann Barth\u00e8s dans \u00abQuotidien\u00bb<br \/>\n                Capture \u00e9cran.<\/p>\n<p>\n    L\u2019ancien directeur du Figaro et du Point et le pr\u00e9sentateur de \u00abQuotidien\u00bb se sont affront\u00e9s ce jeudi soir sur TMC \u00e0 propos de l\u2019incarc\u00e9ration de Nicolas Sarkozy.<\/p>\n<p class=\"fig-paragraph\">\u00abQu\u2019est-ce que vous avez envie de dire \u00e0 un jeune d\u2019aujourd\u2019hui sans faire le vieux con\u00a0?\u00bb, interroge d\u2019embl\u00e9e\u00a0<a href=\"http:\/\/tvmag.lefigaro.fr\/programme-tv\/actu-tele\/je-me-vengerai-yann-barthes-surpris-par-vincent-dedienne-pour-son-anniversaire-20251010\" target=\"_blank\" data-fig-type=\"Article\" rel=\"noopener nofollow\" data-gtm-custom-categorie=\"navigation\" data-gtm-custom-action=\"crossclick\" data-gtm-custom-label=\"Contextuel\" data-gtm-event=\"customEventSPE\" data-fig-domain=\"TVMAG\"><strong>Yann Barth\u00e8s<\/strong><\/a> . L\u2019ambiance est \u00e9lectrique ce jeudi 23 octobre sur le plateau de \u00abQuotidien\u00bb.\u00a0<a href=\"http:\/\/tvmag.lefigaro.fr\/programme-tv\/actu-tele\/c-est-une-honte-franz-olivier-giesbert-accuse-emmanuel-macron-d-etre-responsable-de-l-arret-de-c8-20250224\" target=\"_blank\" data-fig-type=\"Article\" rel=\"noopener nofollow\" data-gtm-custom-categorie=\"navigation\" data-gtm-custom-action=\"crossclick\" data-gtm-custom-label=\"Contextuel\" data-gtm-event=\"customEventSPE\" data-fig-domain=\"TVMAG\"><strong>Franz-Olivier Giesbert,<\/strong><\/a> \u00a0qui pr\u00e9sente\u00a0<a href=\"http:\/\/www.lefigaro.fr\/vox\/politique\/franz-olivier-giesbert-aux-politiques-je-dis-qu-il-n-y-a-pas-d-intelligence-sans-courage-20251017\" target=\"_blank\" data-fig-type=\"Article\" rel=\"noopener nofollow\" data-gtm-custom-categorie=\"navigation\" data-gtm-custom-action=\"crossclick\" data-gtm-custom-label=\"Contextuel\" data-gtm-event=\"customEventSPE\" data-fig-domain=\"LEFIGARO\">le quatri\u00e8me tome<\/a>\u00a0de son Histoire intime de la Ve R\u00e9publique, est face \u00e0 un plateau pas vraiment acquis \u00e0 sa cause.<\/p>\n<p class=\"fig-paragraph\">Apr\u00e8s quelques premi\u00e8res passe d\u2019armes, l\u2019\u00e9vocation de l\u2019incarc\u00e9ration de Nicolas Sarkozy d\u00e9cha\u00eene les passions. \u00abVous avez l\u2019air de trouver normale cette affaire\u00bb, se d\u00e9sole Franz-Olivier Giesbert face aux chroniqueurs du talk-show de TMC, tout en rappelant qu\u2019il n\u2019est \u00abpas r\u00e9put\u00e9 pour \u00eatre sarkozyste\u00bb.<\/p>\n<blockquote class=\"fig-quote&#10;    \">\n<p class=\"fig-quote__text\">Les juges ont voulu se le payer.<\/p>\n<p>            Franz-Olivier Giesbert \u00e0 propos de Nicolas Sarkozy dans \u00abQuotidien\u00bb\n    <\/p><\/blockquote>\n<p>                                    <a class=\"fig-a11y-skip a11y-hidden\" href=\"#fig-a11y-skip-main-inarticle\"><br \/>\n        Passer la publicit\u00e9<br \/>\n    <\/a><\/p>\n<p class=\"fig-paragraph\">Pr\u00e8s d\u2019un mois apr\u00e8s sa condamnation dans le proc\u00e8s libyen, l\u2019ancien pr\u00e9sident de la R\u00e9publique est incarc\u00e9r\u00e9 \u00e0 la prison de la Sant\u00e9 depuis mardi matin. \u00abC\u2019est honteux, c\u2019est un scandale\u00bb, tranche ce soir Franz-Olivier Giesbert. \u00abC\u2019est un jugement incroyable qui dit \u201con condamne quelqu\u2019un en disant mais non il n\u2019a pas fait \u00e7a\u201d. Tout part d\u2019un faux de Mediapart. Le jugement dit tout \u00e7a et apr\u00e8s, allez hop au trou pour pacte de corruption o\u00f9 l\u00e0 il n\u2019y a que des pr\u00e9somptions et des impressions (&#8230;) ce n\u2019est pas un jugement en droit, les juges ont voulu se le payer\u00bb, ajoute-t-il.<\/p>\n<p class=\"fig-paragraph\">\u00abEst-ce que ce n\u2019est pas risqu\u00e9 de contester une d\u00e9cision de justice\u00a0?\u00bb, intervient Yann Barth\u00e8s. \u00abJe ne vais pas me g\u00eaner\u00a0! On est en France\u00bb, r\u00e9pond avec conviction l\u2019\u00e9ditorialiste en invoquant \u00abl\u2019esprit critique\u00bb. Le pr\u00e9sentateur de \u00abQuotidien\u00bb r\u00e9p\u00e8te sa question, la r\u00e9ponse de son invit\u00e9 se veut, cette fois-ci, plus cinglante\u00a0: \u00abDans l\u2019histoire Dreyfus, on sait dans quel camp vous auriez \u00e9t\u00e9. Surtout il ne faut pas contester les d\u00e9cisions de justice\u00bb.<\/p>\n<p class=\"fig-paragraph\">\u00abSarkozy et Dreyfus\u00a0?\u00bb, pour Yann Barth\u00e8s, la comparaison n\u2019est pas acceptable. L\u2019animateur lui rappellera plusieurs minutes plus tard\u00a0: \u00abVous \u00eates parti au quart de tour, vous avez quand m\u00eame dit tout \u00e0 l\u2019heure que j\u2019aurai \u00e9t\u00e9 du mauvais c\u00f4t\u00e9\u00bb. \u00abJe suis r\u00e9volt\u00e9 et je vais mourir r\u00e9volt\u00e9, c\u2019est fran\u00e7ais aussi\u00bb, conclut Franz-Olivier Giesbert.<\/p>\n","protected":false},"excerpt":{"rendered":"Franz-Olivier Giesbert et Yann Barth\u00e8s dans \u00abQuotidien\u00bb Capture \u00e9cran. L\u2019ancien directeur du Figaro et du Point et le&hellip;\n","protected":false},"author":2,"featured_media":485314,"comment_status":"","ping_status":"","sticky":false,"template":"","format":"standard","meta":{"footnotes":""},"categories":[8],"tags":[58,59,1011,27,8648,1405],"class_list":{"0":"post-485313","1":"post","2":"type-post","3":"status-publish","4":"format-standard","5":"has-post-thumbnail","7":"category-divertissement","8":"tag-divertissement","9":"tag-entertainment","10":"tag-fr","11":"tag-france","12":"tag-tmc","13":"tag-yann-barthes"},"share_on_mastodon":{"url":"https:\/\/pubeurope.com\/@fr\/115425741712108059","error":""},"_links":{"self":[{"href":"https:\/\/www.europesays.com\/fr\/wp-json\/wp\/v2\/posts\/485313","targetHints":{"allow":["GET"]}}],"collection":[{"href":"https:\/\/www.europesays.com\/fr\/wp-json\/wp\/v2\/posts"}],"about":[{"href":"https:\/\/www.europesays.com\/fr\/wp-json\/wp\/v2\/types\/post"}],"author":[{"embeddable":true,"href":"https:\/\/www.europesays.com\/fr\/wp-json\/wp\/v2\/users\/2"}],"replies":[{"embeddable":true,"href":"https:\/\/www.europesays.com\/fr\/wp-json\/wp\/v2\/comments?post=485313"}],"version-history":[{"count":0,"href":"https:\/\/www.europesays.com\/fr\/wp-json\/wp\/v2\/posts\/485313\/revisions"}],"wp:featuredmedia":[{"embeddable":true,"href":"https:\/\/www.europesays.com\/fr\/wp-json\/wp\/v2\/media\/485314"}],"wp:attachment":[{"href":"https:\/\/www.europesays.com\/fr\/wp-json\/wp\/v2\/media?parent=485313"}],"wp:term":[{"taxonomy":"category","embeddable":true,"href":"https:\/\/www.europesays.com\/fr\/wp-json\/wp\/v2\/categories?post=485313"},{"taxonomy":"post_tag","embeddable":true,"href":"https:\/\/www.europesays.com\/fr\/wp-json\/wp\/v2\/tags?post=485313"}],"curies":[{"name":"wp","href":"https:\/\/api.w.org\/{rel}","templated":true}]}}