{"id":485316,"date":"2025-10-23T22:04:19","date_gmt":"2025-10-23T22:04:19","guid":{"rendered":"https:\/\/www.europesays.com\/fr\/485316\/"},"modified":"2025-10-23T22:04:19","modified_gmt":"2025-10-23T22:04:19","slug":"le-gouvernent-abandonne-sa-propre-loi-pour-ne-pas-perdre-des-millions-deuros","status":"publish","type":"post","link":"https:\/\/www.europesays.com\/fr\/485316\/","title":{"rendered":"le gouvernent abandonne sa propre loi pour ne pas perdre des millions d&rsquo;euros"},"content":{"rendered":"<p>La transition \u00e9cologique fran\u00e7aise aime les paradoxes. Apr\u00e8s avoir longtemps h\u00e9sit\u00e9 sur la place du thermique, du bio\u00e9thanol et <a href=\"https:\/\/www.journaldugeek.com\/2025\/10\/21\/voiture-electrique-2026-recharge\/\" rel=\"false noopener\" target=\"_blank\">de l\u2019\u00e9lectrique<\/a>, voil\u00e0 que l\u2019\u00c9tat d\u00e9cide enfin d\u2019agir concr\u00e8tement\u00a0: <strong>convertir 40\u00a0000 v\u00e9hicules officiels au super\u00e9thanol E85<\/strong>.<\/p>\n<p>\u00c0 l\u2019heure o\u00f9 tous les fran\u00e7ais sont somm\u00e9s de faire des efforts pour la plan\u00e8te, l\u2019\u00c9tat ne fait pas l\u2019autruche. Les voitures de la police, la gendarmerie et des douanes vont passer au super\u00e9thanol E85. Pour cela rien de plus simple, ces v\u00e9hicules vont \u00eatre \u00e9quip\u00e9s d\u2019un kit de conversion, les c\u00e9l\u00e8bres \u00ab\u00a0FlexFuel\u00a0\u00bb. Des boitiers \u00e9lectroniques qui permettent de passer de l\u2019essence traditionnelle au super\u00e9thanol.<\/p>\n<p> Un choix \u00e9conomique et \u00e9cologique <\/p>\n<p>Cette id\u00e9e pr\u00e9sentait deux tr\u00e8s bons arguments. Le premier \u00e9cologique, avec une r\u00e9duction des \u00e9missions de gaz \u00e0 effet de serre de 40 \u00e0 50%. Dans le m\u00eame temps, des \u00e9conomies cons\u00e9quentes. L\u2019E85 est le carburant le moins cher du march\u00e9. 0,78\u00a0\u20ac le litre, contre 1,78\u00a0\u20ac en moyenne pour <a href=\"https:\/\/www.01net.com\/astuces\/meilleures-applications-gratuites-trouver-essence-moins-cher-iphone-android-976730.html\" target=\"_blank\" rel=\"noopener\">l\u2019essence traditionnelle<\/a>. M\u00eame en tenant compte d\u2019une surconsommation de 20 \u00e0 25\u00a0%<strong>, les \u00e9conomies sont \u00e9videntes.\u00a0<\/strong>Le gouvernement parle de \u00ab\u00a0dizaines de millions d\u2019euros par an\u00a0\u00bb.\u00a0<\/p>\n<p> Oui mais\u2026 <\/p>\n<p>Sauf que \u2026 un article du projet de loi de finances pour 2026 risquait de tout g\u00e2cher. En cherchant \u00e0 augmenter les recettes de l\u2019\u00c9tat la France voulait lancer de nouvelles taxes. Le gouvernement pr\u00e9voyait notamment d\u2019abandonner les avantages fiscaux allou\u00e9s \u00e0 l\u2019E85.<\/p>\n<p>Conscients que cette nouvelle taxe aurait cibl\u00e9 un carburant d\u2019avenir, massivement utilis\u00e9 par des v\u00e9hicules d\u2019\u00c9tats fraichement convertis, les d\u00e9put\u00e9s ont finalement revu leur copie. En commission ils ont abandonn\u00e9 l\u2019id\u00e9e et le camp pr\u00e9sidentiel se dit pr\u00eat \u00e0 \u201cdes compromis\u201d \u00e0 l\u2019Assembl\u00e9e.<\/p>\n<p>Le seul carburant durable ne sera donc pas tax\u00e9. Cela devrait lui permettre de rester nettement moins cher que les autres et encourager les fran\u00e7ais \u00e0 convertir leurs v\u00e9hicules essence. Finalement cet \u00e9pisode est un symbole de la cacophonie\u00a0\u00e9nerg\u00e9tique actuelle.<\/p>\n<p>La France veut d\u2019un c\u00f4t\u00e9 encourager ses concitoyens \u00e0 r\u00e9duire les \u00e9missions d\u00e9gazages \u00e0 effet de serre. Mais aux c\u00f4t\u00e9s de cet ambitieux objectif long-terme, la r\u00e9alit\u00e9 de \u00ab\u00a0la fin du mois\u00a0\u00bb concerne l\u2019\u00c9tat fran\u00e7ais. La question de la dette devient probl\u00e9matique et l\u2019augmentation des recettes de l\u2019\u00c9tat est une \u00e9tape obligatoire.<\/p>\n<blockquote>\n<p class=\"text-base text-neutral-700 dark:text-neutral-300\">\ud83d\udfe3 Pour ne manquer aucune news sur le Journal du Geek, abonnez-vous sur <a href=\"https:\/\/news.google.com\/publications\/CAAqBwgKMNr_hAswwYyCAw?hl=fr&amp;gl=FR&amp;ceid=FR%3Afr\" target=\"_blank\" rel=\"noopener\">Google Actualit\u00e9s<\/a> et sur <a href=\"https:\/\/whatsapp.com\/channel\/0029VaClM5y4tRry12tb7D2h\" target=\"_blank\" rel=\"noopener\">notre WhatsApp<\/a>. Et si vous nous adorez, on a <a href=\"https:\/\/www.journaldugeek.com\/newsletter\/\" target=\"_blank\" rel=\"noopener\">une newsletter tous les matins<\/a>.<\/p>\n<\/blockquote>\n","protected":false},"excerpt":{"rendered":"La transition \u00e9cologique fran\u00e7aise aime les paradoxes. Apr\u00e8s avoir longtemps h\u00e9sit\u00e9 sur la place du thermique, du bio\u00e9thanol&hellip;\n","protected":false},"author":2,"featured_media":485317,"comment_status":"","ping_status":"","sticky":false,"template":"","format":"standard","meta":{"footnotes":""},"categories":[6],"tags":[35,3534,33,34,1011,27,321],"class_list":{"0":"post-485316","1":"post","2":"type-post","3":"status-publish","4":"format-standard","5":"has-post-thumbnail","7":"category-economie","8":"tag-business","9":"tag-carburant","10":"tag-economie","11":"tag-economy","12":"tag-fr","13":"tag-france","14":"tag-voiture-electrique"},"share_on_mastodon":{"url":"https:\/\/pubeurope.com\/@fr\/115425749562095173","error":""},"_links":{"self":[{"href":"https:\/\/www.europesays.com\/fr\/wp-json\/wp\/v2\/posts\/485316","targetHints":{"allow":["GET"]}}],"collection":[{"href":"https:\/\/www.europesays.com\/fr\/wp-json\/wp\/v2\/posts"}],"about":[{"href":"https:\/\/www.europesays.com\/fr\/wp-json\/wp\/v2\/types\/post"}],"author":[{"embeddable":true,"href":"https:\/\/www.europesays.com\/fr\/wp-json\/wp\/v2\/users\/2"}],"replies":[{"embeddable":true,"href":"https:\/\/www.europesays.com\/fr\/wp-json\/wp\/v2\/comments?post=485316"}],"version-history":[{"count":0,"href":"https:\/\/www.europesays.com\/fr\/wp-json\/wp\/v2\/posts\/485316\/revisions"}],"wp:featuredmedia":[{"embeddable":true,"href":"https:\/\/www.europesays.com\/fr\/wp-json\/wp\/v2\/media\/485317"}],"wp:attachment":[{"href":"https:\/\/www.europesays.com\/fr\/wp-json\/wp\/v2\/media?parent=485316"}],"wp:term":[{"taxonomy":"category","embeddable":true,"href":"https:\/\/www.europesays.com\/fr\/wp-json\/wp\/v2\/categories?post=485316"},{"taxonomy":"post_tag","embeddable":true,"href":"https:\/\/www.europesays.com\/fr\/wp-json\/wp\/v2\/tags?post=485316"}],"curies":[{"name":"wp","href":"https:\/\/api.w.org\/{rel}","templated":true}]}}