{"id":485324,"date":"2025-10-23T22:08:25","date_gmt":"2025-10-23T22:08:25","guid":{"rendered":"https:\/\/www.europesays.com\/fr\/485324\/"},"modified":"2025-10-23T22:08:25","modified_gmt":"2025-10-23T22:08:25","slug":"planfoy-repas-concert-a-lexbrayat-le-15-novembre","status":"publish","type":"post","link":"https:\/\/www.europesays.com\/fr\/485324\/","title":{"rendered":"Planfoy. Repas concert \u00e0 l\u2019Exbrayat le 15\u00a0novembre"},"content":{"rendered":"<p>Patrick Pacciola, g\u00e9rant du Marmiton du Pilat, organise tout au long de l\u2019ann\u00e9e des animations vari\u00e9es dans son bar-restaurant, avec notamment des soir\u00e9es italiennes, karaok\u00e9 ou musicales. Le samedi 15\u00a0novembre, il investit le gymnase Exbrayat pour accueillir un concert des Fishnet stockings. Au programme\u00a0: une ambiance blues pour animer la soir\u00e9e. Les participants pourront \u00e9galement d\u00e9guster une tartiflette accompagn\u00e9e de charcuterie, salade et dessert.<\/p>\n<p>Le d\u00eener-concert d\u00e9butera \u00e0 19 heures et le prix d\u2019entr\u00e9e est fix\u00e9 \u00e0 25\u00a0euros par personne.<\/p>\n<p class=\"note\">R\u00e9servation obligatoire au 04.77.51.40.27.<\/p>\n","protected":false},"excerpt":{"rendered":"Patrick Pacciola, g\u00e9rant du Marmiton du Pilat, organise tout au long de l\u2019ann\u00e9e des animations vari\u00e9es dans son&hellip;\n","protected":false},"author":2,"featured_media":485325,"comment_status":"","ping_status":"","sticky":false,"template":"","format":"standard","meta":{"footnotes":""},"categories":[9653],"tags":[1111,11,2430,1687,7539,1777,674,1011,27,873,12,31699,25,4001,15343],"class_list":{"0":"post-485324","1":"post","2":"type-post","3":"status-publish","4":"format-standard","5":"has-post-thumbnail","7":"category-saint-etienne","8":"tag-actu","9":"tag-actualites","10":"tag-auvergne-rhone-alpes","11":"tag-culture-loisirs","12":"tag-edition-loire-sud","13":"tag-eu","14":"tag-europe","15":"tag-fr","16":"tag-france","17":"tag-musique","18":"tag-news","19":"tag-planfoy","20":"tag-republique-francaise","21":"tag-saint-etienne","22":"tag-saint-genest-malifaux-bassin"},"share_on_mastodon":{"url":"https:\/\/pubeurope.com\/@fr\/115425765333465623","error":""},"_links":{"self":[{"href":"https:\/\/www.europesays.com\/fr\/wp-json\/wp\/v2\/posts\/485324","targetHints":{"allow":["GET"]}}],"collection":[{"href":"https:\/\/www.europesays.com\/fr\/wp-json\/wp\/v2\/posts"}],"about":[{"href":"https:\/\/www.europesays.com\/fr\/wp-json\/wp\/v2\/types\/post"}],"author":[{"embeddable":true,"href":"https:\/\/www.europesays.com\/fr\/wp-json\/wp\/v2\/users\/2"}],"replies":[{"embeddable":true,"href":"https:\/\/www.europesays.com\/fr\/wp-json\/wp\/v2\/comments?post=485324"}],"version-history":[{"count":0,"href":"https:\/\/www.europesays.com\/fr\/wp-json\/wp\/v2\/posts\/485324\/revisions"}],"wp:featuredmedia":[{"embeddable":true,"href":"https:\/\/www.europesays.com\/fr\/wp-json\/wp\/v2\/media\/485325"}],"wp:attachment":[{"href":"https:\/\/www.europesays.com\/fr\/wp-json\/wp\/v2\/media?parent=485324"}],"wp:term":[{"taxonomy":"category","embeddable":true,"href":"https:\/\/www.europesays.com\/fr\/wp-json\/wp\/v2\/categories?post=485324"},{"taxonomy":"post_tag","embeddable":true,"href":"https:\/\/www.europesays.com\/fr\/wp-json\/wp\/v2\/tags?post=485324"}],"curies":[{"name":"wp","href":"https:\/\/api.w.org\/{rel}","templated":true}]}}