{"id":485328,"date":"2025-10-23T22:10:11","date_gmt":"2025-10-23T22:10:11","guid":{"rendered":"https:\/\/www.europesays.com\/fr\/485328\/"},"modified":"2025-10-23T22:10:11","modified_gmt":"2025-10-23T22:10:11","slug":"38-soignants-pompiers-policiers-et-secouristes-decores-en-prefecture","status":"publish","type":"post","link":"https:\/\/www.europesays.com\/fr\/485328\/","title":{"rendered":"38 soignants, pompiers, policiers et secouristes d\u00e9cor\u00e9s en pr\u00e9fecture"},"content":{"rendered":"<p>            Par<br \/>\n        <strong><br \/>\n            <a href=\"https:\/\/actu.fr\/auteur\/pierre-emile-bouchy-actu-fr\" title=\"Consulter tous les articles de Paul-Emile Bouchy\" rel=\"nofollow noopener\" target=\"_blank\">Paul-Emile Bouchy<\/a><br \/>\n        <\/strong><\/p>\n<p>        Publi\u00e9 le<\/p>\n<p>            23 oct. 2025 \u00e0 19h29        <\/p>\n<p>Mercredi 21\u00a0mai 2025, vers 5h45, un <a href=\"https:\/\/actu.fr\/grand-est\/nancy_54395\/leur-engagement-a-permis-d-eviter-un-drame-un-important-incendie-touche-un-ehpad-a-nancy-ce-que-l-on-sait_62665816.html\" rel=\"nofollow noopener\" target=\"_blank\">important incendie a touch\u00e9 l\u2019Ehpad Saint-Joseph<\/a>, situ\u00e9 avenue de Strasbourg \u00e0 <a href=\"https:\/\/actu.fr\/grand-est\/nancy_54395\" rel=\"nofollow noopener\" target=\"_blank\">Nancy<\/a> (Meurthe-et-Moselle) o\u00f9 de la fum\u00e9e se d\u00e9gageait du toit. Gr\u00e2ce \u00e0 l\u2019engagement du personnel soignant de l\u2019\u00e9tablissement, des pompiers, des policiers nationaux et municipaux et aussi des secouristes, <strong>les 82 r\u00e9sidents<\/strong> de l\u2019<a href=\"https:\/\/actu.fr\/tag\/ehpad\" rel=\"nofollow noopener\" target=\"_blank\">Ehpad<\/a> <strong>avaient \u00e9t\u00e9 \u00e9vacu\u00e9s et relog\u00e9s<\/strong> dans d\u2019autres maisons de retraite de la m\u00e9tropole du Grand Nancy.<\/p>\n<p class=\" wall-content\">Cinq mois plus tard, <strong>les personnes qui ont permis d\u2019\u00e9viter ce drame ont \u00e9t\u00e9 d\u00e9cor\u00e9es et c\u00e9l\u00e9br\u00e9es<\/strong> mercredi \u00e0 la pr\u00e9fecture de Meurthe-et-Moselle.<\/p>\n<p>D\u00e9cor\u00e9s pour leur courage et leur d\u00e9vouement lors de l\u2019incendie<\/p>\n<p class=\" wall-content\">En pr\u00e9sence notamment d\u2019Yves S\u00e9guy, pr\u00e9fet de Meurthe-et-Moselle et de Mathieu Klein, maire de Nancy, <strong>38 personnes<\/strong> ont \u00e9t\u00e9 d\u00e9cor\u00e9es <strong>pour saluer leur courage et leur d\u00e9vouement<\/strong> lors de l\u2019<a href=\"https:\/\/actu.fr\/tag\/incendie\" rel=\"nofollow noopener\" target=\"_blank\">incendie<\/a>. Il s\u2019agit de\u2009:<\/p>\n<ul class=\" wall-content\">\n<li>3 soignantes et du directeur de l\u2019Ehpad Saint-Joseph<\/li>\n<li>6 agents de la Ville de Nancy<\/li>\n<li>10 sapeurs-pompiers du Service d\u00e9partemental d\u2019incendie et de secours de Meurthe-et-Moselle<\/li>\n<li>8 policiers nationaux<\/li>\n<li>10 membres d\u2019associations agr\u00e9\u00e9es de s\u00e9curit\u00e9 civile<\/li>\n<\/ul>\n<blockquote class=\"tiktok-embed\" cite=\"https:\/\/www.tiktok.com\/@lorraine.actu\/video\/7564470204072283414\" data-video-id=\"7564470204072283414\" data-embed-from=\"oembed\" style=\"max-width:605px; min-width:325px;\"><p>\n<a target=\"_blank\" title=\"@lorraine.actu\" href=\"https:\/\/www.tiktok.com\/@lorraine.actu?refer=embed\" rel=\"nofollow noopener\">@lorraine.actu<\/a> <\/p>\n<p>Mercredi 21 mai 2025, vers 5h45, un important incendie a touch\u00e9 l\u2019Ehpad Saint-Joseph, situ\u00e9 avenue de Strasbourg \u00e0 Nancy (Meurthe-et-Moselle) o\u00f9 de la fum\u00e9e se d\u00e9gageait du toit. Gr\u00e2ce \u00e0 l\u2019engagement du personnel soignant de l\u2019\u00e9tablissement, des pompiers, des policiers nationaux et municipaux et aussi des secouristes, les 82 r\u00e9sidents de l\u2019Ehpad avaient \u00e9t\u00e9 \u00e9vacu\u00e9s et relog\u00e9s dans d\u2019autres maisons de retraite de la m\u00e9tropole du Grand Nancy. Cinq mois plus tard, les personnes qui ont permis d\u2019\u00e9viter ce drame ont \u00e9t\u00e9 d\u00e9cor\u00e9es et c\u00e9l\u00e9br\u00e9es mercredi \u00e0 la pr\u00e9fecture de Meurthe-et-Moselle. En pr\u00e9sence notamment d\u2019Yves S\u00e9guy, pr\u00e9fet de Meurthe-et-Moselle et de Mathieu Klein, maire de Nancy, 38 personnes ont \u00e9t\u00e9 d\u00e9cor\u00e9es pour saluer leur courage et leur d\u00e9vouement lors de l\u2019incendie. Il s\u2019agit de\u2009: \u2013 3 soignantes et du directeur de l\u2019Ehpad Saint-Joseph \u2013 6 agents de la Ville de Nancy -10 sapeurs-pompiers du Service d\u00e9partemental d\u2019incendie et de secours de Meurthe-et-Moselle \u2013 8 policiers nationaux -10 membres d\u2019associations agr\u00e9\u00e9es de s\u00e9curit\u00e9 civile Dans son discours, le pr\u00e9fet a salu\u00e9 l\u2019h\u00e9ro\u00efsme dont ces femmes et ces hommes ont fait preuve pour \u00e9tablir \u00ab\u2009cette cha\u00eene humaine\u2009\u00bb. \u00ab\u2009Aujourd\u2019hui, dans cette c\u00e9r\u00e9monie, c\u2019est la R\u00e9publique qui vous honore\u2009\u00bb, a-t-il conclu. Les travaux men\u00e9s dans l\u2019Ehpad Saint-Joseph vont bient\u00f4t s\u2019achever. Ainsi, les premiers relogements pourront bient\u00f4t avoir lieu. <a title=\"pompiers\" target=\"_blank\" href=\"https:\/\/www.tiktok.com\/tag\/pompiers?refer=embed\" rel=\"nofollow noopener\">#pompiers<\/a> <a title=\"nancy\" target=\"_blank\" href=\"https:\/\/www.tiktok.com\/tag\/nancy?refer=embed\" rel=\"nofollow noopener\">#nancy<\/a> <a title=\"police\" target=\"_blank\" href=\"https:\/\/www.tiktok.com\/tag\/police?refer=embed\" rel=\"nofollow noopener\">#police<\/a> <a title=\"soignant\" target=\"_blank\" href=\"https:\/\/www.tiktok.com\/tag\/soignant?refer=embed\" rel=\"nofollow noopener\">#soignant<\/a> <a title=\"ehpad\" target=\"_blank\" href=\"https:\/\/www.tiktok.com\/tag\/ehpad?refer=embed\" rel=\"nofollow noopener\">#ehpad<\/a> @Ville de Nancy <\/p>\n<p> <a target=\"_blank\" title=\"\u266c Epic Moment - Big Dreams\" href=\"https:\/\/www.tiktok.com\/music\/Epic-Moment-7360753626149357585?refer=embed\" rel=\"nofollow noopener\">\u266c Epic Moment \u2013 Big Dreams<\/a> <\/p>\n<\/blockquote>\n<p>Les r\u00e9sidents bient\u00f4t de retour dans l\u2019Ehpad Saint-Joseph<\/p>\n<p class=\" wall-content\">Dans son discours, le pr\u00e9fet a salu\u00e9 l\u2019h\u00e9ro\u00efsme dont ces femmes et ces hommes ont fait preuve pour \u00e9tablir \u00ab\u2009cette cha\u00eene humaine\u2009\u00bb. \u00ab\u2009Aujourd\u2019hui,<strong> dans cette c\u00e9r\u00e9monie, c\u2019est la R\u00e9publique qui vous honore<\/strong>\u2009\u00bb, a-t-il conclu.<\/p>\n<p class=\" wall-content\">Les travaux men\u00e9s dans l\u2019Ehpad Saint-Joseph vont bient\u00f4t s\u2019achever. Ainsi, l<strong>es premiers relogements pourront bient\u00f4t avoir lieu<\/strong>.<\/p>\n<p class=\" wall-content\">Personnalisez votre actualit\u00e9 en ajoutant vos villes et m\u00e9dias en favori avec <a href=\"https:\/\/moncompte.actu.fr\" title=\"D\u00e9couvez Mon Actu\" rel=\"nofollow noopener\" data-trk=\"{&quot;cta&quot;:{&quot;action&quot;:&quot;https:\\\/\\\/moncompte.actu.fr&quot;,&quot;category&quot;:&quot;mon compte&quot;,&quot;from&quot;:&quot;article footer&quot;,&quot;name&quot;:&quot;Mon actu&quot;,&quot;type&quot;:&quot;cta&quot;}}\" target=\"_blank\">Mon Actu<\/a>.<\/p>\n<p>                    <script async src=\"\/\/www.tiktok.com\/embed.js\"><\/script><\/p>\n","protected":false},"excerpt":{"rendered":"Par Paul-Emile Bouchy Publi\u00e9 le 23 oct. 2025 \u00e0 19h29 Mercredi 21\u00a0mai 2025, vers 5h45, un important incendie&hellip;\n","protected":false},"author":2,"featured_media":485329,"comment_status":"","ping_status":"","sticky":false,"template":"","format":"standard","meta":{"footnotes":""},"categories":[9635],"tags":[1111,11,1777,674,1011,27,775,1702,12,1311,25,104],"class_list":{"0":"post-485328","1":"post","2":"type-post","3":"status-publish","4":"format-standard","5":"has-post-thumbnail","7":"category-nancy","8":"tag-actu","9":"tag-actualites","10":"tag-eu","11":"tag-europe","12":"tag-fr","13":"tag-france","14":"tag-grand-est","15":"tag-nancy","16":"tag-news","17":"tag-pompiers","18":"tag-republique-francaise","19":"tag-societe"},"share_on_mastodon":{"url":"https:\/\/pubeurope.com\/@fr\/115425773429733837","error":""},"_links":{"self":[{"href":"https:\/\/www.europesays.com\/fr\/wp-json\/wp\/v2\/posts\/485328","targetHints":{"allow":["GET"]}}],"collection":[{"href":"https:\/\/www.europesays.com\/fr\/wp-json\/wp\/v2\/posts"}],"about":[{"href":"https:\/\/www.europesays.com\/fr\/wp-json\/wp\/v2\/types\/post"}],"author":[{"embeddable":true,"href":"https:\/\/www.europesays.com\/fr\/wp-json\/wp\/v2\/users\/2"}],"replies":[{"embeddable":true,"href":"https:\/\/www.europesays.com\/fr\/wp-json\/wp\/v2\/comments?post=485328"}],"version-history":[{"count":0,"href":"https:\/\/www.europesays.com\/fr\/wp-json\/wp\/v2\/posts\/485328\/revisions"}],"wp:featuredmedia":[{"embeddable":true,"href":"https:\/\/www.europesays.com\/fr\/wp-json\/wp\/v2\/media\/485329"}],"wp:attachment":[{"href":"https:\/\/www.europesays.com\/fr\/wp-json\/wp\/v2\/media?parent=485328"}],"wp:term":[{"taxonomy":"category","embeddable":true,"href":"https:\/\/www.europesays.com\/fr\/wp-json\/wp\/v2\/categories?post=485328"},{"taxonomy":"post_tag","embeddable":true,"href":"https:\/\/www.europesays.com\/fr\/wp-json\/wp\/v2\/tags?post=485328"}],"curies":[{"name":"wp","href":"https:\/\/api.w.org\/{rel}","templated":true}]}}