{"id":485344,"date":"2025-10-23T22:20:41","date_gmt":"2025-10-23T22:20:41","guid":{"rendered":"https:\/\/www.europesays.com\/fr\/485344\/"},"modified":"2025-10-23T22:20:41","modified_gmt":"2025-10-23T22:20:41","slug":"metropole-de-grenoble-le-parc-bachelard-saccage-par-la-tempete-benjamin-des-degats-a-vif-corenc-ou-echirolles","status":"publish","type":"post","link":"https:\/\/www.europesays.com\/fr\/485344\/","title":{"rendered":"M\u00e9tropole de Grenoble. Le parc Bachelard saccag\u00e9 par la temp\u00eate Benjamin\u00a0; des d\u00e9gats \u00e0 Vif, Corenc ou\u00a0\u00c9chirolles"},"content":{"rendered":"<p>La temp\u00eate Benjamin qui s\u2019est abattue sur La France ce jeudi 23\u00a0octobre n\u2019a pas \u00e9pargn\u00e9 l\u2019agglom\u00e9ration grenobloise. <a href=\"https:\/\/www.ledauphine.com\/environnement\/2025\/10\/23\/tempete-benjamin-deja-des-rafales-de-vent-a-plus-de-95-km-h-en-plaine-en-isere\" target=\"_blank\" rel=\"noopener\">Des vents violents, autour de 100\u00a0km\/h, ont provoqu\u00e9 de nombreuses chutes d\u2019arbres dans plusieurs communes<\/a> comme \u00e0 Grenoble, Corenc, Pont-de-Claix, \u00c9chirolles ou encore Le Gua. En fin de matin\u00e9e, \u00ab\u00a0il y avait beaucoup de vent, et d\u2019un coup il y a eu un \u00e9norme souffle\u00a0\u00bb, explique une habitante de l\u2019agglo qui circulait en voiture dans Grenoble aux alentours de 11 heures. \u00ab\u00a0C\u2019\u00e9tait impressionnant, je n\u2019avais jamais vu \u00e7a. Des v\u00e9los avan\u00e7aient tout seuls, des poubelles et panneaux roulaient au sol, des arbres sont tomb\u00e9s\u00a0\u00bb. Ainsi, le parc Bachelard, l\u2019un des principaux poumons de la ville, a \u00e9t\u00e9 s\u00e9rieusement endommag\u00e9. Une vingtaine d\u2019arbres ont \u00e9t\u00e9 d\u00e9racin\u00e9s, heureusement sans faire de victime, les parcs de la ville ayant \u00e9t\u00e9 ferm\u00e9s par pr\u00e9caution en raison de la temp\u00eate.<\/p>\n<p>De la rubalise a \u00e9t\u00e9 install\u00e9e aux entr\u00e9es du parc Bachelard, qui ce n\u2019a pas emp\u00each\u00e9 des pi\u00e9tons et des cyclistes de la franchir, quelques instants apr\u00e8s les chutes des arbres et malgr\u00e9 les appels \u00e0 la prudence des agents de la ville pr\u00e9sents sur place pour s\u00e9curiser les lieux. En attendant, le parc restera ferm\u00e9.<\/p>\n","protected":false},"excerpt":{"rendered":"La temp\u00eate Benjamin qui s\u2019est abattue sur La France ce jeudi 23\u00a0octobre n\u2019a pas \u00e9pargn\u00e9 l\u2019agglom\u00e9ration grenobloise. Des&hellip;\n","protected":false},"author":2,"featured_media":485345,"comment_status":"","ping_status":"","sticky":false,"template":"","format":"standard","meta":{"footnotes":""},"categories":[9566],"tags":[119,1111,11,2430,9323,29532,9852,112,113,1777,674,274,1011,27,2731,2732,108,8423,12,25,1986],"class_list":{"0":"post-485344","1":"post","2":"type-post","3":"status-publish","4":"format-standard","5":"has-post-thumbnail","7":"category-grenoble","8":"tag-accident","9":"tag-actu","10":"tag-actualites","11":"tag-auvergne-rhone-alpes","12":"tag-catastrophes","13":"tag-corenc","14":"tag-echirolles","15":"tag-edition-grenoble-agglomeration","16":"tag-edition-gresivaudan-oisans","17":"tag-eu","18":"tag-europe","19":"tag-faits-divers-justice","20":"tag-fr","21":"tag-france","22":"tag-grenoble","23":"tag-grenoble-bassin","24":"tag-isere","25":"tag-meteorologie-climat","26":"tag-news","27":"tag-republique-francaise","28":"tag-vif"},"share_on_mastodon":{"url":"https:\/\/pubeurope.com\/@fr\/115425812348670717","error":""},"_links":{"self":[{"href":"https:\/\/www.europesays.com\/fr\/wp-json\/wp\/v2\/posts\/485344","targetHints":{"allow":["GET"]}}],"collection":[{"href":"https:\/\/www.europesays.com\/fr\/wp-json\/wp\/v2\/posts"}],"about":[{"href":"https:\/\/www.europesays.com\/fr\/wp-json\/wp\/v2\/types\/post"}],"author":[{"embeddable":true,"href":"https:\/\/www.europesays.com\/fr\/wp-json\/wp\/v2\/users\/2"}],"replies":[{"embeddable":true,"href":"https:\/\/www.europesays.com\/fr\/wp-json\/wp\/v2\/comments?post=485344"}],"version-history":[{"count":0,"href":"https:\/\/www.europesays.com\/fr\/wp-json\/wp\/v2\/posts\/485344\/revisions"}],"wp:featuredmedia":[{"embeddable":true,"href":"https:\/\/www.europesays.com\/fr\/wp-json\/wp\/v2\/media\/485345"}],"wp:attachment":[{"href":"https:\/\/www.europesays.com\/fr\/wp-json\/wp\/v2\/media?parent=485344"}],"wp:term":[{"taxonomy":"category","embeddable":true,"href":"https:\/\/www.europesays.com\/fr\/wp-json\/wp\/v2\/categories?post=485344"},{"taxonomy":"post_tag","embeddable":true,"href":"https:\/\/www.europesays.com\/fr\/wp-json\/wp\/v2\/tags?post=485344"}],"curies":[{"name":"wp","href":"https:\/\/api.w.org\/{rel}","templated":true}]}}