{"id":485350,"date":"2025-10-23T22:24:32","date_gmt":"2025-10-23T22:24:32","guid":{"rendered":"https:\/\/www.europesays.com\/fr\/485350\/"},"modified":"2025-10-23T22:24:32","modified_gmt":"2025-10-23T22:24:32","slug":"a-strasbourg-lfi-annonce-ses-mesures-pour-les-municipales-2026","status":"publish","type":"post","link":"https:\/\/www.europesays.com\/fr\/485350\/","title":{"rendered":"\u00e0 Strasbourg, LFI annonce ses mesures pour les Municipales 2026"},"content":{"rendered":"<p>    <img loading=\"lazy\" width=\"1800\" height=\"900\" src=\"https:\/\/www.europesays.com\/fr\/wp-content\/uploads\/2025\/08\/jeanne-callthepolice.jpg\" class=\"attachment-full size-full\" alt=\"\" id=\"imageLove\" decoding=\"async\"  \/><\/p>\n<p id=\"breadcrumbs\"><a href=\"https:\/\/pokaa.fr\/\" rel=\"nofollow noopener\" target=\"_blank\">Accueil<\/a> \/ <a href=\"https:\/\/pokaa.fr\/categories\/municipales-2026\/\" rel=\"nofollow noopener\" target=\"_blank\">Municipales 2026<\/a> \/ \u00ab Un programme de rupture \u00bb : \u00e0 Strasbourg, LFI annonce ses mesures pour les Municipales 2026<\/p>\n<p>                    Municipales 2026<\/p>\n<p class=\"p1\"><b>Deux jours apr\u00e8s la d\u00e9signation de Florian Kobryn comme candidat aux municipales, la France insoumise (LFI) revenait, le 16 octobre dernier, pr\u00e9senter ses premi\u00e8res propositions devant la presse. Gratuit\u00e9 des transports et des premiers m3 d\u2019eau, nouveau lieu de culture queer ou encadrement des loyers : \u00e0 Strasbourg, LFI veut jouer son r\u00f4le de \u00ab\u00a0premi\u00e8re force politique de gauche de la ville\u00a0\u00bb.<\/b><\/p>\n<p>Apr\u00e8s la d\u00e9signation, le programme. <b>Le 14 octobre dernier, l\u2019assembl\u00e9e militante de LFI d\u00e9signait Florian Kobryn et Halima Meneceur comme bin\u00f4me charg\u00e9 de conqu\u00e9rir la mairie de Strasbourg<\/b>. Deux jours plus tard, l\u2019heure \u00e9tait venue de d\u00e9voiler quelques premi\u00e8res mesures.<\/p>\n<p>                <a href=\"https:\/\/pokaa.fr\/2025\/10\/14\/municipales-2026-a-strasbourg-la-france-insoumise-choisit-florian-kobryn-comme-tete-de-liste\/\" rel=\"nofollow noopener\" target=\"_blank\"><br \/>\n                    <img width=\"450\" height=\"270\" src=\"https:\/\/www.europesays.com\/fr\/wp-content\/uploads\/2025\/10\/ok1-450x270.png\" class=\"attachment-card-horizontal--same-subject size-card-horizontal--same-subject wp-post-image\" alt=\"\" decoding=\"async\" loading=\"lazy\"\/>                <\/a><\/p>\n<p>C\u2019est ainsi que la presse s\u2019est retrouv\u00e9e le 16 octobre, dans un restaurant en dehors de la Grande-\u00cele pour \u00e9changer avec le bin\u00f4me insoumis. Leur programme politique prend la forme <strong>d\u2019u<\/strong><b>n livret de 150 pages, fruit d\u2019un travail r\u00e9alis\u00e9 depuis un an par les militant(e)s, avec diff\u00e9rentes associations et partenaires<\/b>. Si toutes les pages n\u2019ont pas \u00e9t\u00e9 d\u00e9voil\u00e9es [apr\u00e8s tout, il faut bien se garder des temps d\u2019annonce pour rythmer la campagne, ndlr], \u00e0 Strasbourg, LFI veut \u00ab\u00a0symboliser une ville fi\u00e8re et solidaire\u00a0\u00bb.<\/p>\n<p>    <img width=\"800\" height=\"600\" src=\"https:\/\/www.europesays.com\/fr\/wp-content\/uploads\/2025\/10\/img-2006-grande-800x600.jpeg\" class=\"attachment-image-size-L size-image-size-L\" alt=\"kobryn meneceur lfi\" decoding=\"async\" loading=\"lazy\"  \/>         \u00a9 Nicolas Kaspar \/ Pokaa <\/p>\n<p>Quelles premi\u00e8res mesures pour LFI \u00e0 Strasbourg ?<\/p>\n<p class=\"p1\">Lors de ce temps presse, <b>Florian Kobryn et Halima Meneceur ont pr\u00e9sent\u00e9 six premi\u00e8res propositions, dont plusieurs centr\u00e9es sur les jeunes<\/b>, \u00ab\u00a0les grands oubli\u00e9s de la politique sociale nationale\u00a0\u00bb, et sur diff\u00e9rentes fa\u00e7ons d\u2019\u00ab\u00a0all\u00e9ger la facture \u00e0 la fin du mois\u00a0\u00bb. Sur ce point, <b>l\u2019encadrement des loyers y occupe une place phare<\/b>, pour tenter de r\u00e9guler les prix des biens en location. Une mesure ambitieuse, <a href=\"https:\/\/pokaa.fr\/2021\/09\/19\/et-si-strasbourg-mettait-en-place-un-dispositif-pour-eviter-que-les-loyers-ne-senvolent-immo\/\" target=\"_blank\" rel=\"noopener nofollow\">qui ne sera pas sans difficult\u00e9s \u00e0 mettre en place<\/a>.<\/p>\n<p class=\"p1\">LFI compte instaurer la gratuit\u00e9 annuelle des 30 premiers m3 d\u2019eau,<b> mais \u00e9galement la gratuit\u00e9 des transports en commun pour tous les jeunes de moins de 25 ans, ainsi que pour les personnes en recherche d\u2019emploi, au RSA ou sans domicile fixe<\/b>. Deux mesures qui se rapprochent de celles port\u00e9es par les communistes, tout en allant plus loin. Par ailleurs, le mouvement veut permettre l\u2019acc\u00e8s \u00e0 des stages au sein de la collectivit\u00e9 pour les jeunes des quartiers populaires.<\/p>\n<blockquote><p>\n        Si l\u2019on veut transformer la ville on aura besoin de l\u2019appui de la population.    <\/p><\/blockquote>\n<p>            Florian Kobryn, candidat LFI aux municipales \u00e0 Strasbourg<\/p>\n<p>    <img width=\"800\" height=\"533\" src=\"https:\/\/www.europesays.com\/fr\/wp-content\/uploads\/2025\/09\/dsc02243-800x533.jpg\" class=\"attachment-image-size-L size-image-size-L\" alt=\"tram poteries tram ouest\" decoding=\"async\" loading=\"lazy\"  \/>         \u00a9 Anthony Jilli \/ Pokaa <\/p>\n<p class=\"p1\"><b>Florian Kobryn et Halima Meneceur \u00e9voquent aussi l\u2019instauration d\u2019une biblioth\u00e8que d\u00e9di\u00e9e aux m\u00e9moires coloniales et de l\u2019immigration et sur l\u2019histoire de France<\/b>, \u00ab\u00a0afin de revenir sur le pass\u00e9 et lutter contre l\u2019extr\u00eame droite, en permettant l\u2019acc\u00e8s aux ressources pour se former sur ces sujets.\u00a0\u00bb <\/p>\n<p class=\"p1\">Enfin, <b>il est question de cr\u00e9er un lieu de culture queer et LGBT \u00e0 Strasbourg<\/b> pour permettre \u00ab\u00a0aux personnes trans, aux artistes de cette communaut\u00e9s de cr\u00e9er et militer en s\u00e9curit\u00e9.\u00a0\u00bb Strasbourg assumerait l\u2019investissement pour le lieu, dont la gestion serait par la suite confi\u00e9e \u00e0 diff\u00e9rent(e)s acteurs\/rices.<\/p>\n<p>                <img width=\"375\" height=\"500\" src=\"https:\/\/www.europesays.com\/fr\/wp-content\/uploads\/2025\/10\/img-2008-grande-375x500.jpeg\" class=\"attachment-gallery size-gallery\" alt=\"kobryn lfi\" data-full-url=\"https:\/\/pokaa.fr\/wp-content\/uploads\/2025\/10\/22\/img-2008-grande.jpeg\" decoding=\"async\" loading=\"lazy\"  \/>            <\/p>\n<p>                <img width=\"375\" height=\"500\" src=\"https:\/\/www.europesays.com\/fr\/wp-content\/uploads\/2025\/10\/img-2013-grande-375x500.jpeg\" class=\"attachment-gallery size-gallery\" alt=\"meneceur lfi\" data-full-url=\"https:\/\/pokaa.fr\/wp-content\/uploads\/2025\/10\/22\/img-2013-grande.jpeg\" decoding=\"async\" loading=\"lazy\"  \/>            <\/p>\n<p>                    \u00a9 Nicolas Kaspar \/ Pokaa<\/p>\n<p>Le programme, avant la liste<\/p>\n<p class=\"p1\">Un programme qui a encore vocation \u00e0 s\u2019enrichir dans les prochaines semaines, <b>et qui se trouve d\u00e9sormais au coeur de la campagne qui d\u00e9marre<\/b>. Surtout, \u00e0 en croire Florian Kobryn et Halima Meneceur, il sera \u00e9galement la condition pour figurer sur la future liste municipale. Car comme l\u2019explique cette derni\u00e8re : \u00ab\u00a0C\u2019est le programme qu\u2019on cherche \u00e0 faire gagner lors de ces \u00e9lections, pas une liste.\u00a0\u00bb<\/p>\n<p class=\"p1\">Comme \u00e0 chaque conf\u00e9rence de presse, la question des alliances est revenue sur la table. Florian Kobryn explique qu\u2019 \u00ab [ils tendent] la main \u00e0 tous les mouvements politiques de gauche qui souhaitent nous rejoindre, y compris ceux qui sont actuellement dans la majorit\u00e9 municipale. \u00bb. <b>Un appel du pied vers les communistes, aux propositions parfois semblables<\/b>, <a href=\"https:\/\/pokaa.fr\/2025\/10\/22\/municipales-2026-a-strasbourg-les-allies-de-la-majorite-veulent-un-projet-politique-plus-audacieux\/\" target=\"_blank\" rel=\"noopener nofollow\">m\u00eame si ces derniers souhaitent, pour le moment, peser dans le programme des \u00e9cologistes pour le faire pencher plus \u00e0 gauche.<\/a><\/p>\n<blockquote><p>\n        Il y a une attente politique forte sur un programme de rupture.    <\/p><\/blockquote>\n<p>            Florian Kobryn, candidat LFI aux municipales \u00e0 Strasbourg<\/p>\n<p>    <img width=\"800\" height=\"600\" src=\"https:\/\/www.europesays.com\/fr\/wp-content\/uploads\/2025\/10\/img-2011-grande-800x600.jpeg\" class=\"attachment-image-size-L size-image-size-L\" alt=\"kobryn lfi\" decoding=\"async\" loading=\"lazy\"  \/>         \u00a9 Nicolas Kaspar \/ Pokaa <\/p>\n<p class=\"p1\">Quoi qu\u2019il en soit, Florian Kobryn assume que \u00ab\u00a0notre responsabilit\u00e9 c\u2019est de proposer une offre politique :<b> il y a des attentes assez fortes pour incarner une action municipale de rupture vers les plus vuln\u00e9rables<\/b>. La logique de rupture ne peut fonctionner qu\u2019avec un mouvement populaire.\u00a0\u00bb Qu\u2019ils semblent aujourd\u2019hui convaincu(e)s d\u2019\u00eatre les seul(e)s \u00e0 porter.<\/p>\n<p class=\"p1\">Et si le candidat assure que \u00ab\u00a0[ils mettront] tout en \u0153uvre pour ne pas donner les clefs de la ville \u00e0 la droite\u00a0\u00bb <b>il compte tout de m\u00eame s\u2019appuyer sur la position de \u00ab premi\u00e8re force politique \u00e0 gauche \u00bb qu\u2019a eue LFI dans les derni\u00e8res \u00e9lections nationales \u00e0 Strasbourg<\/b>. Comprendre : r\u00e9ussir \u00e0 sortir devant les \u00e9cologistes au premier tour, afin de b\u00e9n\u00e9ficier d\u2019un rapport de force pour les n\u00e9gociations du second. Sur ce point, la campagne \u00e0 gauche risque d\u2019\u00eatre anim\u00e9e.<\/p>\n","protected":false},"excerpt":{"rendered":"Accueil \/ Municipales 2026 \/ \u00ab Un programme de rupture \u00bb : \u00e0 Strasbourg, LFI annonce ses mesures&hellip;\n","protected":false},"author":2,"featured_media":485351,"comment_status":"","ping_status":"","sticky":false,"template":"","format":"standard","meta":{"footnotes":""},"categories":[2820],"tags":[1111,11,1777,674,1011,27,775,780,3434,49909,12,316,25,640],"class_list":{"0":"post-485350","1":"post","2":"type-post","3":"status-publish","4":"format-standard","5":"has-post-thumbnail","7":"category-strasbourg","8":"tag-actu","9":"tag-actualites","10":"tag-eu","11":"tag-europe","12":"tag-fr","13":"tag-france","14":"tag-grand-est","15":"tag-lfi","16":"tag-municipales-2026","17":"tag-municipales-strasbourg","18":"tag-news","19":"tag-politique","20":"tag-republique-francaise","21":"tag-strasbourg"},"share_on_mastodon":{"url":"https:\/\/pubeurope.com\/@fr\/115425829075310274","error":""},"_links":{"self":[{"href":"https:\/\/www.europesays.com\/fr\/wp-json\/wp\/v2\/posts\/485350","targetHints":{"allow":["GET"]}}],"collection":[{"href":"https:\/\/www.europesays.com\/fr\/wp-json\/wp\/v2\/posts"}],"about":[{"href":"https:\/\/www.europesays.com\/fr\/wp-json\/wp\/v2\/types\/post"}],"author":[{"embeddable":true,"href":"https:\/\/www.europesays.com\/fr\/wp-json\/wp\/v2\/users\/2"}],"replies":[{"embeddable":true,"href":"https:\/\/www.europesays.com\/fr\/wp-json\/wp\/v2\/comments?post=485350"}],"version-history":[{"count":0,"href":"https:\/\/www.europesays.com\/fr\/wp-json\/wp\/v2\/posts\/485350\/revisions"}],"wp:featuredmedia":[{"embeddable":true,"href":"https:\/\/www.europesays.com\/fr\/wp-json\/wp\/v2\/media\/485351"}],"wp:attachment":[{"href":"https:\/\/www.europesays.com\/fr\/wp-json\/wp\/v2\/media?parent=485350"}],"wp:term":[{"taxonomy":"category","embeddable":true,"href":"https:\/\/www.europesays.com\/fr\/wp-json\/wp\/v2\/categories?post=485350"},{"taxonomy":"post_tag","embeddable":true,"href":"https:\/\/www.europesays.com\/fr\/wp-json\/wp\/v2\/tags?post=485350"}],"curies":[{"name":"wp","href":"https:\/\/api.w.org\/{rel}","templated":true}]}}