{"id":485363,"date":"2025-10-23T22:32:13","date_gmt":"2025-10-23T22:32:13","guid":{"rendered":"https:\/\/www.europesays.com\/fr\/485363\/"},"modified":"2025-10-23T22:32:13","modified_gmt":"2025-10-23T22:32:13","slug":"philippe-dessertine-jai-rencontre-des-investisseurs-importants-attires-par-bordeaux-et-les-girondins","status":"publish","type":"post","link":"https:\/\/www.europesays.com\/fr\/485363\/","title":{"rendered":"Philippe Dessertine : \u00ab\u00a0J\u2019ai rencontr\u00e9 des investisseurs importants attir\u00e9s par Bordeaux et les Girondins\u00a0\u00bb"},"content":{"rendered":"<p><img decoding=\"async\" src=\"https:\/\/www.europesays.com\/fr\/wp-content\/uploads\/2025\/10\/671_d8238ea0bbb0ccab24519b2846c8a603.jpg\" alt=\"Philippe Dessertine : &quot;J\u2019ai rencontr\u00e9 des investisseurs importants attir\u00e9s par Bordeaux et les Girondins&quot;\" class=\"img-responsive mt-3\"\/><\/p>\n<p class=\"text-center mb-3\" style=\"font-size: 14px\">\u00a9 Iconsport<\/p>\n<p style=\"text-align: justify;\">Philippe Dessertine, candidat \u00e0 la mairie de Bordeaux en 2026, veut placer les Girondins au centre d\u2019un projet \u00e9conomique et social ambitieux pour la ville. WebGirondins l\u2019a rencontr\u00e9 \u00e0 sa permanence de campagne \u00e0 Bordeaux.<\/p>\n<p><strong>\u00ab\u00a0C\u2019est un traumatisme pour la ville, ce qui est arriv\u00e9 aux Girondins\u00a0\u00bb<\/strong><\/p>\n<p style=\"text-align: justify;\"><strong>WebGirondins : D&rsquo;o\u00f9 vous vient votre passion pour les Girondins de Bordeaux ?<\/strong><\/p>\n<p style=\"text-align: justify;\">Philippe Dessertine : Mon p\u00e8re m\u2019a transmis l\u2019amour de Bordeaux d\u00e8s mon enfance, alors que nous vivions en Normandie. Et aimer Bordeaux, c\u2019\u00e9tait forc\u00e9ment aimer les Girondins. Mon premier grand souvenir remonte \u00e0 1977, lors d\u2019un Bordeaux \u2013 Saint-\u00c9tienne, o\u00f9 j\u2019ai d\u00e9couvert Alain Giresse. En m\u2019installant \u00e0 Bordeaux, je suis devenu un habitu\u00e9 du stade Lescure. J\u2019ai connu le Bordeaux champion, le Bordeaux europ\u00e9en\u2026J\u2019ai vraiment le c\u0153ur bordelais. <\/p>\n<p>Je me souviens encore de la ferveur du stade face \u00e0 la Juventus en 1985, o\u00f9 l\u2019on avait le potentiel pour aller au bout. J\u2019\u00e9tais aussi pr\u00e9sent le jour de la grave blessure de Daniel Jeandupeux contre Marseille, un moment terrible dont je garde encore le son de sa jambe qui casse. Et bien s\u00fbr, comment oublier l\u2019exploit face au Milan AC en 1996, dans un Lescure en fusion ?<\/p>\n<p style=\"text-align: justify;\"><strong>On est loin de la situation actuelle des Girondins de Bordeaux<\/strong><\/p>\n<p style=\"text-align: justify;\">Je reste optimiste. Depuis que je me suis d\u00e9clar\u00e9 candidat, j\u2019ai re\u00e7u \u00e9norm\u00e9ment de messages sur le sujet. C\u2019est un traumatisme pour la ville, une blessure ouverte. Les Bordelais sont en attente d\u2019une solution. Le club existe toujours, mais il n\u2019est pas \u00e0 sa place sur le plan national. Bordeaux m\u00e9rite mieux.<\/p>\n<p><strong>\u00ab\u00a0La question des Girondins est au c\u0153ur de mon projet\u00a0\u00bb<\/strong><\/p>\n<p style=\"text-align: justify;\"><strong>Quelle est la place du FCGB dans la campagne municipale 2026 \u00e0 Bordeaux ?<\/strong><\/p>\n<p style=\"text-align: justify;\">La question des Girondins est au c\u0153ur de mon projet. C\u2019est un objectif absolu. On doit avancer. La place des Girondins est pour moi au c\u0153ur de la campagne municipale \u00e0 Bordeaux, car cela va au-del\u00e0 de la question d&rsquo;un club de foot. Il s&rsquo;agit d\u2019un enjeu social et \u00e9ducatif. Le centre de formation doit devenir une structure d\u2019ancrage pour la jeunesse bordelaise, ouverte \u00e0 tous les enfants, qu\u2019ils deviennent joueurs ou non. Les Girondins doivent \u00eatre un acteur de coh\u00e9sion dans la ville. On doit dire \u00e0 chaque jeune : \u201cTu fais partie des Girondins de Bordeaux.\u201d<\/p>\n<p style=\"text-align: justify;\"><strong>Depuis quand pr\u00e9parez-vous votre candidature et donc le dossier des Girondins de Bordeaux ?<\/strong><\/p>\n<p style=\"text-align: justify;\">Cela fait pr\u00e8s de cinq ans que je le travaille. L\u2019id\u00e9e des Girondins est venue tr\u00e8s t\u00f4t. C\u2019est un projet de soci\u00e9t\u00e9 \u00e0 l\u2019int\u00e9rieur de la communaut\u00e9 que repr\u00e9sente Bordeaux. Autour du stade, dans des quartiers comme Les Aubiers, La Jall\u00e8re, Le Lac ou le Grand Parc, il y a du foncier et une population \u00e0 reconnecter avec le club. Ce projet va bien au-del\u00e0 de l\u2019amour du foot.<\/p>\n<p style=\"text-align: justify;\"><strong>C\u2019est-\u00e0-dire ?<\/strong><\/p>\n<p style=\"text-align: justify;\">Je parle du centre de formation, mais aussi de la confiance des familles, de l&rsquo;\u00e9cusson tatou\u00e9 sur la peau. Cela va structurer la jeunesse et sa vision positive. Le c\u0153ur de ma campagne est que tous les gosses de Bordeaux se disent qu\u2019ils pourront avoir la vie dont ils r\u00eavent, et il y a le club de foot dedans. Parmi les joueurs issus de la formation, certains feront la r\u00e9putation du club et de la ville. Bordeaux est connu pour le vin et le foot en Europe. C\u2019est un actif incorporel incroyable. La marque Girondins est extraordinaire. Les supporters sont la m\u00e9moire du club, c\u2019est fondamental. La section f\u00e9minine est aussi importante pour moi.<\/p>\n<p><strong>\u00ab\u00a0L&rsquo;argent ne suffit pas\u00a0\u00bb<\/strong><\/p>\n<p style=\"text-align: justify;\"><strong>Vous avez d\u00e9clar\u00e9 avoir d\u00e9j\u00e0 trouv\u00e9 des investisseurs int\u00e9ress\u00e9s par le club dans Le Figaro (<a href=\"https:\/\/www.webgirondins.com\/actualite-girondins-girondins-un-candidat-a-la-mairie-de-bordeaux-annonce-avoir-trouve-des-capitaux-prives-pour-le-club-130482\" target=\"_blank\" rel=\"noopener\">lire ici<\/a>). Pouvez-vous en dire plus ?<\/strong><\/p>\n<p style=\"text-align: justify;\">J\u2019ai \u00e9chang\u00e9 dans le cadre de mon travail avec beaucoup d\u2018investisseurs qui sont attir\u00e9s par la ville de Bordeaux et les Girondins. J\u2019ai rencontr\u00e9 des investisseurs importants. Mais aujourd\u2019hui, les conditions ne sont pas r\u00e9unies pour qu\u2019ils s\u2019engagent. Il faut une coordination entre la mairie et les acteurs \u00e9conomiques pour s\u00e9curiser un cadre sain. Dans le football, l\u2019argent seul ne suffit pas. Il faut du sens, des valeurs et une vision partag\u00e9e.<\/p>\n<p style=\"text-align: justify;\"><strong>Comment comptez-vous concr\u00e9tiser ce projet si vous \u00eates \u00e9lu ?<\/strong><\/p>\n<p style=\"text-align: justify;\">Tout d&rsquo;abord, il ne faut pas se tromper sur les investisseurs. La mairie devra s\u00e9lectionner les bons investisseurs : ceux qui respectent la dimension \u00e9ducative, sociale et territoriale du club. Je connais bien ces probl\u00e9matiques. En m\u2019inspirant de ce qui a \u00e9t\u00e9 fait \u00e0 Lyon, Barcelone, Strasbourg ou au Paris FC comme d\u2019en d\u2019autres clubs, je suis convaincu qu\u2019on peut construire un mod\u00e8le unique \u00e0 Bordeaux.<\/p>\n<p><strong>\u00ab\u00a0Nous sommes dans un moment cl\u00e9. Il faut pour les Girondins de Bordeaux un projet ambitieux tr\u00e8s important avec des ressorts \u00e9conomiques diff\u00e9rents\u00a0\u00bb<\/strong><\/p>\n<p style=\"text-align: justify;\"><strong>Quel type d\u2019investisseur peut encore venir dans le football, et aux Girondins en particulier ?<\/strong><\/p>\n<p>Le football fran\u00e7ais traverse une p\u00e9riode charni\u00e8re : la baisse des droits TV et la diminution de la valeur des clubs fragilisent le mod\u00e8le actuel qui arrive au bout. D\u00e9sormais, les investisseurs ne cherchent plus seulement la rentabilit\u00e9 financi\u00e8re. La valeur incorporelle, c\u2019est-\u00e0-dire le capital humain, l\u2019image, le lien avec le territoire, deviendra d\u00e9terminante. C\u2019est cette approche \u00e9largie du projet sportif qu\u2019il faut proposer pour attirer les bons profils.<\/p>\n<p><strong>\u00ab\u00a0L&rsquo;approche \u00e9conomique de G\u00e9rard Lopez ne fonctionne plus. Par d\u00e9finition, on est d\u00e9j\u00e0 dans l\u2019apr\u00e8s\u201d<\/strong><\/p>\n<p style=\"text-align: justify;\"><strong>Quel est le pouvoir d\u2019action du maire de Bordeaux, car G\u00e9rard Lopez, le propri\u00e9taire des Girondins, ne veut pas le c\u00e9der ?<\/strong><\/p>\n<p style=\"text-align: justify;\">Je me tourne vers l\u2019avenir. C&rsquo;est une question technique qui peut se r\u00e9soudre. Quand vous \u00eates sur un projet et qu&rsquo;il y a une dynamique, cela emporte tout. Mais il faut \u00eatre lucide : le mod\u00e8le \u00e9conomique de G\u00e9rard Lopez ne fonctionne plus. Nous sommes d\u00e9j\u00e0 dans \u201cl\u2019apr\u00e8s\u201d. Il faudra un projet ambitieux, fond\u00e9 sur des ressorts \u00e9conomiques diff\u00e9rents, capable de f\u00e9d\u00e9rer autour d\u2019une vision collective.<\/p>\n<p style=\"text-align: justify;\"><strong>Et concernant le stade, lou\u00e9 par les Girondins, et la relation avec Bordeaux M\u00e9tropole ?<\/strong><\/p>\n<p style=\"text-align: justify;\">J\u2019aime le stade Atlantique, c\u2019est une belle enceinte, mais sa gestion actuelle est intenable. Avec un loyer de plus d\u2019un million d\u2019euros par an pour un club de National 2, c\u2019est une catastrophe financi\u00e8re pour tout le monde : le club comme la M\u00e9tropole. Cet \u00e9quipement doit devenir un atout structurant du projet, autour duquel on reconstruit les bases d\u2019un grand club.<\/p>\n<p>\u00c0 lire aussi &gt;&gt; <strong><a href=\"https:\/\/www.webgirondins.com\/actualite-girondins-girondins-mourad-boudjellal-je-pense-que-gerard-lopez-il-fait-des-affaires-130823\" target=\"_blank\" rel=\"noopener\">Mourad Boudjellal : \u00ab\u00a0Je pense que G\u00e9rard Lopez, il fait des affaires\u00a0\u00bb<\/a><\/strong><\/p>\n<p>Notre podcast court sur l&rsquo;actu des Girondins :<\/p>\n<p>\u00a0<\/p>\n","protected":false},"excerpt":{"rendered":"\u00a9 Iconsport Philippe Dessertine, candidat \u00e0 la mairie de Bordeaux en 2026, veut placer les Girondins au centre&hellip;\n","protected":false},"author":2,"featured_media":485364,"comment_status":"","ping_status":"","sticky":false,"template":"","format":"standard","meta":{"footnotes":""},"categories":[2817],"tags":[1111,11,60850,1997,426,8293,53241,1777,674,21,1011,27,1987,12410,2805,5415,12,2219,6284,20488,5240,5486,25],"class_list":{"0":"post-485363","1":"post","2":"type-post","3":"status-publish","4":"format-standard","5":"has-post-thumbnail","7":"category-bordeaux","8":"tag-actu","9":"tag-actualites","10":"tag-attires","11":"tag-bordeaux","12":"tag-candidat","13":"tag-declare","14":"tag-dessertine","15":"tag-eu","16":"tag-europe","17":"tag-fait","18":"tag-fr","19":"tag-france","20":"tag-girondins","21":"tag-importants","22":"tag-investisseurs","23":"tag-mairie","24":"tag-news","25":"tag-nouvelle-aquitaine","26":"tag-philippe","27":"tag-pilier","28":"tag-programme","29":"tag-rencontre","30":"tag-republique-francaise"},"share_on_mastodon":{"url":"https:\/\/pubeurope.com\/@fr\/115425860044972447","error":""},"_links":{"self":[{"href":"https:\/\/www.europesays.com\/fr\/wp-json\/wp\/v2\/posts\/485363","targetHints":{"allow":["GET"]}}],"collection":[{"href":"https:\/\/www.europesays.com\/fr\/wp-json\/wp\/v2\/posts"}],"about":[{"href":"https:\/\/www.europesays.com\/fr\/wp-json\/wp\/v2\/types\/post"}],"author":[{"embeddable":true,"href":"https:\/\/www.europesays.com\/fr\/wp-json\/wp\/v2\/users\/2"}],"replies":[{"embeddable":true,"href":"https:\/\/www.europesays.com\/fr\/wp-json\/wp\/v2\/comments?post=485363"}],"version-history":[{"count":0,"href":"https:\/\/www.europesays.com\/fr\/wp-json\/wp\/v2\/posts\/485363\/revisions"}],"wp:featuredmedia":[{"embeddable":true,"href":"https:\/\/www.europesays.com\/fr\/wp-json\/wp\/v2\/media\/485364"}],"wp:attachment":[{"href":"https:\/\/www.europesays.com\/fr\/wp-json\/wp\/v2\/media?parent=485363"}],"wp:term":[{"taxonomy":"category","embeddable":true,"href":"https:\/\/www.europesays.com\/fr\/wp-json\/wp\/v2\/categories?post=485363"},{"taxonomy":"post_tag","embeddable":true,"href":"https:\/\/www.europesays.com\/fr\/wp-json\/wp\/v2\/tags?post=485363"}],"curies":[{"name":"wp","href":"https:\/\/api.w.org\/{rel}","templated":true}]}}