{"id":485365,"date":"2025-10-23T22:33:11","date_gmt":"2025-10-23T22:33:11","guid":{"rendered":"https:\/\/www.europesays.com\/fr\/485365\/"},"modified":"2025-10-23T22:33:11","modified_gmt":"2025-10-23T22:33:11","slug":"tse-remet-le-prix-jean-jacques-laffont-2025-a-penny-goldberg","status":"publish","type":"post","link":"https:\/\/www.europesays.com\/fr\/485365\/","title":{"rendered":"TSE remet le prix Jean-Jacques Laffont 2025 \u00e0 Penny Goldberg"},"content":{"rendered":"<p>Le prix Jean-Jacques Laffont de la Toulouse School of Economics (TSE) et de la Ville de Toulouse est d\u00e9cern\u00e9 cette ann\u00e9e \u00e0 Penny Goldberg, professeure \u00e0 Yale, pour ses travaux sur les questions politiques li\u00e9es au commerce et au d\u00e9veloppement.<\/p>\n<p>Penny Goldberg est titulaire de la chaire William Nordhaus d\u2019\u00c9conomie et d\u2019affaires internationales et membre affili\u00e9e du Centre de croissance \u00e9conomique de l\u2019universit\u00e9 de Yale. Elle occupe un poste conjoint au d\u00e9partement d\u2019\u00e9conomie de Yale et \u00e0 la Jackson School of Global Affairs.<\/p>\n<p>De 2018 \u00e0 2020, elle a \u00e9t\u00e9 \u00e9conomiste en chef du Groupe de la Banque mondiale. Mme\u00a0Goldberg a par ailleurs \u00e9t\u00e9 pr\u00e9sidente de l\u2019Econometric Society en 2021 et a pr\u00e9c\u00e9demment occup\u00e9 le poste de vice-pr\u00e9sidente de l\u2019American Economic Association. De 2011 \u00e0 2017, elle a \u00e9t\u00e9 r\u00e9dactrice en chef de l\u2019American Economic Review. L\u2019\u00e9conomiste donnera une conf\u00e9rence \u00e0 la communaut\u00e9 TSE le 30\u00a0octobre 2025 intitul\u00e9e \u00ab\u00a0Commerce mondial et d\u00e9veloppement \u00e9conomique\u00a0\u00bb.<\/p>\n<p>Depuis 2005, le prix Jean-Jacques Laffont prix est d\u00e9cern\u00e9 chaque ann\u00e9e \u00e0 un \u00e9conomiste de renomm\u00e9e mondiale dont les recherches, dans la lign\u00e9e du professeur Jean-Jacques Laffont, combinent une th\u00e9orie solide et une application empirique dans le monde \u00e9conomique. TSE est un centre de recherche et de formation en \u00e9conomie et en sciences sociales class\u00e9 16e en \u00e9conomie au Classement de Shanghai de 2024 et 8e d\u00e9partement d\u2019\u00e9conomie mondial (classement Repec). L\u2019\u00e9cole revendique d\u2019accueillir 2000 \u00e9tudiants et 150 enseignants-chercheurs dont Jean Tirole, Prix Nobel d\u2019\u00e9conomie 2014.<\/p>\n","protected":false},"excerpt":{"rendered":"Le prix Jean-Jacques Laffont de la Toulouse School of Economics (TSE) et de la Ville de Toulouse est&hellip;\n","protected":false},"author":2,"featured_media":373637,"comment_status":"","ping_status":"","sticky":false,"template":"","format":"standard","meta":{"footnotes":""},"categories":[2816],"tags":[1111,11,33,4854,1777,674,1011,27,14,12,2680,959,25,2312,60851],"class_list":{"0":"post-485365","1":"post","2":"type-post","3":"status-publish","4":"format-standard","5":"has-post-thumbnail","7":"category-toulouse","8":"tag-actu","9":"tag-actualites","10":"tag-economie","11":"tag-enseignement-superieur","12":"tag-eu","13":"tag-europe","14":"tag-fr","15":"tag-france","16":"tag-international","17":"tag-news","18":"tag-occitanie","19":"tag-recherche","20":"tag-republique-francaise","21":"tag-toulouse","22":"tag-toulouse-school-of-economics"},"share_on_mastodon":{"url":"https:\/\/pubeurope.com\/@fr\/115425863577427381","error":""},"_links":{"self":[{"href":"https:\/\/www.europesays.com\/fr\/wp-json\/wp\/v2\/posts\/485365","targetHints":{"allow":["GET"]}}],"collection":[{"href":"https:\/\/www.europesays.com\/fr\/wp-json\/wp\/v2\/posts"}],"about":[{"href":"https:\/\/www.europesays.com\/fr\/wp-json\/wp\/v2\/types\/post"}],"author":[{"embeddable":true,"href":"https:\/\/www.europesays.com\/fr\/wp-json\/wp\/v2\/users\/2"}],"replies":[{"embeddable":true,"href":"https:\/\/www.europesays.com\/fr\/wp-json\/wp\/v2\/comments?post=485365"}],"version-history":[{"count":0,"href":"https:\/\/www.europesays.com\/fr\/wp-json\/wp\/v2\/posts\/485365\/revisions"}],"wp:featuredmedia":[{"embeddable":true,"href":"https:\/\/www.europesays.com\/fr\/wp-json\/wp\/v2\/media\/373637"}],"wp:attachment":[{"href":"https:\/\/www.europesays.com\/fr\/wp-json\/wp\/v2\/media?parent=485365"}],"wp:term":[{"taxonomy":"category","embeddable":true,"href":"https:\/\/www.europesays.com\/fr\/wp-json\/wp\/v2\/categories?post=485365"},{"taxonomy":"post_tag","embeddable":true,"href":"https:\/\/www.europesays.com\/fr\/wp-json\/wp\/v2\/tags?post=485365"}],"curies":[{"name":"wp","href":"https:\/\/api.w.org\/{rel}","templated":true}]}}