{"id":48537,"date":"2025-04-24T06:51:07","date_gmt":"2025-04-24T06:51:07","guid":{"rendered":"https:\/\/www.europesays.com\/fr\/48537\/"},"modified":"2025-04-24T06:51:07","modified_gmt":"2025-04-24T06:51:07","slug":"35-exposants-pour-le-premier-salon-du-savoir-faire-local-a-eu","status":"publish","type":"post","link":"https:\/\/www.europesays.com\/fr\/48537\/","title":{"rendered":"35 exposants pour le premier salon du savoir-faire local \u00e0 Eu"},"content":{"rendered":"<p>            Par<br \/>\n        <strong><br \/>\n            <a href=\"https:\/\/actu.fr\/auteur\/jerome-buresi\" title=\"Consulter tous les articles de J\u00e9r\u00f4me Buresi\" target=\"_blank\" rel=\"noopener\">J\u00e9r\u00f4me Buresi<\/a><br \/>\n        <\/strong><\/p>\n<p>        Publi\u00e9 le<\/p>\n<p>            24 avr. 2025 \u00e0 7h16        <\/p>\n<p>L\u2019association<b> R\u00e9ussir ensemble<\/b> organise la premi\u00e8re \u00e9dition d\u2019un <b>salon du savoir faire local.<\/b><\/p>\n<p class=\" wall-content\">Cette manifestation aura lieu les 26 et 27 avril 2025, \u00e0 la salle Michel Audiard d\u2019<a href=\"https:\/\/actu.fr\/normandie\/eu_76255\" target=\"_blank\" rel=\"noopener\">Eu<\/a>, en <b>Seine-Maritime<\/b>. \u00ab C\u2019est une id\u00e9e d\u2019un membre de notre association qui souhaitait retrouver l\u2019ambiance des foires expo \u00bb, indique l\u2019association.<\/p>\n<p>35\u00a0exposants<\/p>\n<p class=\" wall-content\">L\u2019objectif est d\u2019offrir une <b>vitrine <\/b>aux professionnels et de leur permettre de montrer leur savoir-faire.<\/p>\n<p class=\" wall-content\"><b>35 exposants<\/b> sont attendus \u00e0 l\u2019int\u00e9rieur et \u00e0 l\u2019ext\u00e9rieur de la salle. \u00ab Nous avons invit\u00e9 des exposants ext\u00e9rieurs \u00e0 notre association \u00bb.<\/p>\n<p class=\" wall-content\">Diff\u00e9rents domaines seront repr\u00e9sent\u00e9s :<\/p>\n<ul class=\" wall-content\">\n<li>b\u00e2timent,<\/li>\n<li>services,<\/li>\n<li>commerces,<\/li>\n<li>artisanat,<\/li>\n<li>bien-\u00eatre,<\/li>\n<li>immobilier.\u00a0<\/li>\n<\/ul>\n<p>Vid\u00e9os : en ce moment sur Actu<\/p>\n<p class=\" wall-content\">La restauration sera possible sur place. Des conf\u00e9rences et des d\u00e9monstrations seront au programme.<\/p>\n<p>R\u00e9ussir ensemble<\/p>\n<p class=\" wall-content\">L\u2019association <a href=\"https:\/\/www.facebook.com\/reussirensemble76260?locale=fr_FR\" target=\"_blank\" rel=\"noopener\">R\u00e9ussir ensemble<\/a> r\u00e9unit actuellement une trentaine de professionnels de tous les horizons.<\/p>\n<p class=\" wall-content\">Ils sont implant\u00e9s dans les Villes S\u0153urs, dans la Vall\u00e9e de la Bresle, c\u00f4t\u00e9 Somme et c\u00f4t\u00e9 Seine-Maritime, \u00e0 Dieppe ou encore \u00e0 Petit-Caux.<\/p>\n<p class=\" wall-content\">L\u2019association fonctionne par <b>recommandation<\/b>. Un seul adh\u00e9rent par profession peut \u00eatre repr\u00e9sent\u00e9 dans le groupe.<\/p>\n<p class=\" wall-content\">Le r\u00f4le de l\u2019association est de partager les comp\u00e9tences, de mettre en relation d\u2019affaires les membres, dans le but de promouvoir leur r\u00e9ussite, leur \u00e9panouissement et leur d\u00e9veloppement.<\/p>\n<p>Le samedi\u00a026 et le dimanche 27\u00a0avril, \u00e0 la salle Michel Audiard d\u2019Eu. Le samedi, de 10 h \u00e0 19 h et le dimanche, de 10 h \u00e0 18 h. Entr\u00e9e gratuite.<\/p>\n<p class=\" wall-content\">Suivez toute l\u2019actualit\u00e9 de vos villes et m\u00e9dias favoris en vous inscrivant \u00e0 <a href=\"https:\/\/moncompte.actu.fr\" title=\"D\u00e9couvez Mon Actu\" rel=\"nofollow noopener\" data-trk=\"{&quot;cta&quot;:{&quot;action&quot;:&quot;https:\\\/\\\/moncompte.actu.fr&quot;,&quot;category&quot;:&quot;mon compte&quot;,&quot;from&quot;:&quot;article footer&quot;,&quot;name&quot;:&quot;Mon actu&quot;,&quot;type&quot;:&quot;cta&quot;}}\" target=\"_blank\">Mon Actu<\/a>.<\/p>\n","protected":false},"excerpt":{"rendered":"Par J\u00e9r\u00f4me Buresi Publi\u00e9 le 24 avr. 2025 \u00e0 7h16 L\u2019association R\u00e9ussir ensemble organise la premi\u00e8re \u00e9dition d\u2019un&hellip;\n","protected":false},"author":2,"featured_media":48538,"comment_status":"","ping_status":"","sticky":false,"template":"","format":"standard","meta":{"footnotes":""},"categories":[1586],"tags":[11,1477,215,1777,674,1779,1011,27,12,25,104,1778,364,3587],"class_list":{"0":"post-48537","1":"post","2":"type-post","3":"status-publish","4":"format-standard","5":"has-post-thumbnail","7":"category-europe","8":"tag-actualites","9":"tag-artisanat","10":"tag-commerce","11":"tag-eu","12":"tag-europe","13":"tag-european-union","14":"tag-fr","15":"tag-france","16":"tag-news","17":"tag-republique-francaise","18":"tag-societe","19":"tag-ue","20":"tag-union-europeenne","21":"tag-villes-soeurs"},"share_on_mastodon":{"url":"https:\/\/pubeurope.com\/@fr\/114391619272402882","error":""},"_links":{"self":[{"href":"https:\/\/www.europesays.com\/fr\/wp-json\/wp\/v2\/posts\/48537","targetHints":{"allow":["GET"]}}],"collection":[{"href":"https:\/\/www.europesays.com\/fr\/wp-json\/wp\/v2\/posts"}],"about":[{"href":"https:\/\/www.europesays.com\/fr\/wp-json\/wp\/v2\/types\/post"}],"author":[{"embeddable":true,"href":"https:\/\/www.europesays.com\/fr\/wp-json\/wp\/v2\/users\/2"}],"replies":[{"embeddable":true,"href":"https:\/\/www.europesays.com\/fr\/wp-json\/wp\/v2\/comments?post=48537"}],"version-history":[{"count":0,"href":"https:\/\/www.europesays.com\/fr\/wp-json\/wp\/v2\/posts\/48537\/revisions"}],"wp:featuredmedia":[{"embeddable":true,"href":"https:\/\/www.europesays.com\/fr\/wp-json\/wp\/v2\/media\/48538"}],"wp:attachment":[{"href":"https:\/\/www.europesays.com\/fr\/wp-json\/wp\/v2\/media?parent=48537"}],"wp:term":[{"taxonomy":"category","embeddable":true,"href":"https:\/\/www.europesays.com\/fr\/wp-json\/wp\/v2\/categories?post=48537"},{"taxonomy":"post_tag","embeddable":true,"href":"https:\/\/www.europesays.com\/fr\/wp-json\/wp\/v2\/tags?post=48537"}],"curies":[{"name":"wp","href":"https:\/\/api.w.org\/{rel}","templated":true}]}}