{"id":485370,"date":"2025-10-23T22:36:30","date_gmt":"2025-10-23T22:36:30","guid":{"rendered":"https:\/\/www.europesays.com\/fr\/485370\/"},"modified":"2025-10-23T22:36:30","modified_gmt":"2025-10-23T22:36:30","slug":"violentes-bagarres-entre-supporters-lillois-et-grecs-devant-le-stade-avant-la-rencontre","status":"publish","type":"post","link":"https:\/\/www.europesays.com\/fr\/485370\/","title":{"rendered":"violentes bagarres entre supporters lillois et grecs devant le stade avant la rencontre"},"content":{"rendered":"<p class=\"mb-4 text-lg md:leading-8 break-words\">Un match spectaculaire et sous tension. Bien avant la <a href=\"https:\/\/rmcsport.bfmtv.com\/football\/europa-league\/direct-lille-paok-suivez-le-match-de-ligue-europa-en-live_LS-202510230844.html\" rel=\"nofollow noopener\" target=\"_blank\" data-ylk=\"slk:d\u00e9faite frustrante de Lille \u00e0 domicile contre le PAOK;elm:context_link;itc:0;sec:content-canvas\" class=\"link \">d\u00e9faite frustrante de Lille \u00e0 domicile contre le PAOK<\/a> 4 buts \u00e0 3, la tension \u00e9tait d\u00e9ja palpable chez les supporters des deux \u00e9quipes. Sur les r\u00e9seaux sociaux, ont \u00e9t\u00e9 relay\u00e9es des sc\u00e8nes de violences entre les supporters grecs et fran\u00e7ais aux abords du stade Pierre-Mauroy, avant m\u00eame le coup d&rsquo;envoi.<\/p>\n<p class=\"mb-4 text-lg md:leading-8 break-words\">Comme le montrent les images, des affrontements ont \u00e9clat\u00e9 entre les ultras du club grec et ceux du LOSC. Sur les images, on y voit des hommes habill\u00e9s en noir en frapper d&rsquo;autres \u00e0 terre \u00e0 coups de pieds, parfois au niveau de la t\u00eate, sans que l&rsquo;on puisse rep\u00e9rer des signes distinctifs de leur club.<\/p>\n<p class=\"mb-4 text-lg md:leading-8 break-words\">Selon des t\u00e9moins, les CRS auraient lanc\u00e9 des lacrymog\u00e8nes pour disperser les supporters et mettre fin \u00e0 la bagarre. Les forces de l&rsquo;ordre ont ensuite escort\u00e9 les ultras du PAOK jusque dans leur parcage pour la rencontre.<\/p>\n<p>Publicit\u00e9<\/p>\n<p>Publicit\u00e9<\/p>\n<p>Publicit\u00e9<\/p>\n<p>Publicit\u00e9<\/p>\n<p class=\"mb-4 text-lg md:leading-8 break-words\">La tension n&rsquo;a pas \u00e9pargn\u00e9 les acteurs m\u00eame de la rencontre puisque le match a \u00e9t\u00e9 marqu\u00e9 par plusieurs d\u00e9cisions arbitrales qui ont fait enrager le pr\u00e9sident lillois, Olivier L\u00e9tang, <a href=\"https:\/\/fr.news.yahoo.com\/sport\/j-d%C3%A9j%C3%A0-%C3%A9crit-%C3%A0-monsieur-204807585.html\" data-ylk=\"slk:film\u00e9 en col\u00e8re contre l&#039;arbitre;elm:context_link;itc:0;sec:content-canvas;outcm:mb_qualified_link;_E:mb_qualified_link;ct:story;\" class=\"link  yahoo-link\" target=\"_blank\" rel=\"noopener\">film\u00e9 en col\u00e8re contre l&rsquo;arbitre<\/a> dans le tunnel \u00e0 la fin de la premi\u00e8re p\u00e9riode.<\/p>\n<p class=\"mb-4 text-lg md:leading-8 break-words\"><a href=\"https:\/\/rmcsport.bfmtv.com\/football\/europa-league\/lille-paok-violentes-bagarres-entre-supporters-lillois-et-grecs-devant-le-stade-avant-la-rencontre_AV-202510230973.html#xtor=AL-68\" rel=\"nofollow noopener\" target=\"_blank\" data-ylk=\"slk:Article original publi\u00e9 sur RMC Sport;elm:context_link;itc:0;sec:content-canvas\" class=\"link \">Article original publi\u00e9 sur RMC Sport<\/a><\/p>\n","protected":false},"excerpt":{"rendered":"Un match spectaculaire et sous tension. Bien avant la d\u00e9faite frustrante de Lille \u00e0 domicile contre le PAOK&hellip;\n","protected":false},"author":2,"featured_media":485371,"comment_status":"","ping_status":"","sticky":false,"template":"","format":"standard","meta":{"footnotes":""},"categories":[2815],"tags":[1111,11,1777,674,1011,27,811,1307,955,12,60853,25],"class_list":{"0":"post-485370","1":"post","2":"type-post","3":"status-publish","4":"format-standard","5":"has-post-thumbnail","7":"category-lille","8":"tag-actu","9":"tag-actualites","10":"tag-eu","11":"tag-europe","12":"tag-fr","13":"tag-france","14":"tag-hauts-de-france","15":"tag-lille","16":"tag-match","17":"tag-news","18":"tag-paok","19":"tag-republique-francaise"},"share_on_mastodon":{"url":"https:\/\/pubeurope.com\/@fr\/115425875289434541","error":""},"_links":{"self":[{"href":"https:\/\/www.europesays.com\/fr\/wp-json\/wp\/v2\/posts\/485370","targetHints":{"allow":["GET"]}}],"collection":[{"href":"https:\/\/www.europesays.com\/fr\/wp-json\/wp\/v2\/posts"}],"about":[{"href":"https:\/\/www.europesays.com\/fr\/wp-json\/wp\/v2\/types\/post"}],"author":[{"embeddable":true,"href":"https:\/\/www.europesays.com\/fr\/wp-json\/wp\/v2\/users\/2"}],"replies":[{"embeddable":true,"href":"https:\/\/www.europesays.com\/fr\/wp-json\/wp\/v2\/comments?post=485370"}],"version-history":[{"count":0,"href":"https:\/\/www.europesays.com\/fr\/wp-json\/wp\/v2\/posts\/485370\/revisions"}],"wp:featuredmedia":[{"embeddable":true,"href":"https:\/\/www.europesays.com\/fr\/wp-json\/wp\/v2\/media\/485371"}],"wp:attachment":[{"href":"https:\/\/www.europesays.com\/fr\/wp-json\/wp\/v2\/media?parent=485370"}],"wp:term":[{"taxonomy":"category","embeddable":true,"href":"https:\/\/www.europesays.com\/fr\/wp-json\/wp\/v2\/categories?post=485370"},{"taxonomy":"post_tag","embeddable":true,"href":"https:\/\/www.europesays.com\/fr\/wp-json\/wp\/v2\/tags?post=485370"}],"curies":[{"name":"wp","href":"https:\/\/api.w.org\/{rel}","templated":true}]}}