{"id":485372,"date":"2025-10-23T22:37:21","date_gmt":"2025-10-23T22:37:21","guid":{"rendered":"https:\/\/www.europesays.com\/fr\/485372\/"},"modified":"2025-10-23T22:37:21","modified_gmt":"2025-10-23T22:37:21","slug":"plus-de-15-000-visiteurs-ont-arpente-les-allees-du-salon-du-livre-metropolitain","status":"publish","type":"post","link":"https:\/\/www.europesays.com\/fr\/485372\/","title":{"rendered":"Plus de 15 000 visiteurs ont arpent\u00e9 les all\u00e9es du Salon du livre m\u00e9tropolitain"},"content":{"rendered":"<p>Le Salon du livre m\u00e9tropolitain revenait \u00e0 la Citadelle de Marseille, les 17, 18 et 19 octobre, pour une deuxi\u00e8me \u00e9dition plac\u00e9e sous le signe de la Gr\u00e8ce, pays fondateur de la cit\u00e9 phoc\u00e9enne et source d\u2019inspiration pour le monde m\u00e9diterran\u00e9en.<\/p>\n<p>L\u2019\u00e9v\u00e9nement a mis en lumi\u00e8re le livre et tous ses acteurs du pourtour m\u00e9diterran\u00e9en, \u00e0 travers vingt-cinq conf\u00e9rences et rencontres r\u00e9unissant pr\u00e8s de cinquante auteurs et traducteurs venus d\u2019Ath\u00e8nes, Thessalonique, Palerme et d\u2019ailleurs. Un banquet litt\u00e9raire de cent convives est venu prolonger ces \u00e9changes autour de la cuisine grecque, entre causeries savoureuses et d\u00e9gustations th\u00e9matiques.<\/p>\n<p>De belles surprises<\/p>\n<p>Mer, arch\u00e9ologie, cin\u00e9ma, musiques, chants, danse\u2026 pendant trois jours, la Gr\u00e8ce s\u2019est d\u00e9ploy\u00e9e dans toute sa richesse, avec de belles surprises, dont la pr\u00e9sence du grand cin\u00e9aste Costa-Gavras.<\/p>\n<p>Trois expositions photographiques ont \u00e9galement rythm\u00e9 ces journ\u00e9es : Les rivi\u00e8res d\u2019Ath\u00e8nes de Sylvain Maestraggi, Ath\u00e8nes et ses \u00eeles de Jean-Paul Olive, ainsi qu\u2019une exposition consacr\u00e9e aux voyages d\u2019Ast\u00e9rix et Ob\u00e9lix, \u00e0 l\u2019occasion de la sortie du nouvel album en octobre.<\/p>\n<p>Un grand rendez-vous culturel et festif<\/p>\n<p>De nombreux ateliers d\u2019\u00e9criture, des conf\u00e9rences musicales, des projections documentaires et des rencontres autour du polar grec sont venus enrichir cette programmation. Les familles et les plus jeunes ont profit\u00e9 d\u2019animations ludiques, de lectures dans\u00e9es et de surprises diss\u00e9min\u00e9es dans les jardins de la Citadelle.<\/p>\n<p>Enfin, la f\u00eate a \u00e9t\u00e9 au c\u0153ur de l\u2019\u00e9v\u00e9nement avec des danses et chants traditionnels grecs, des concerts de Reb\u00e9tiko, du Ha\u00efdouti Orkestar et de la talentueuse Dafn\u00e9 Kritharas.<\/p>\n<p>Ce grand rendez-vous culturel et festif, symbole du dialogue m\u00e9diterran\u00e9en et du rayonnement m\u00e9tropolitain, a ainsi r\u00e9uni plus de 15\u00a0000 visiteurs.<\/p>\n","protected":false},"excerpt":{"rendered":"Le Salon du livre m\u00e9tropolitain revenait \u00e0 la Citadelle de Marseille, les 17, 18 et 19 octobre, pour&hellip;\n","protected":false},"author":2,"featured_media":485373,"comment_status":"","ping_status":"","sticky":false,"template":"","format":"standard","meta":{"footnotes":""},"categories":[2814],"tags":[1111,11,1777,674,1011,27,884,2800,12,882,25],"class_list":{"0":"post-485372","1":"post","2":"type-post","3":"status-publish","4":"format-standard","5":"has-post-thumbnail","7":"category-marseille","8":"tag-actu","9":"tag-actualites","10":"tag-eu","11":"tag-europe","12":"tag-fr","13":"tag-france","14":"tag-marseille","15":"tag-metropole","16":"tag-news","17":"tag-provence-alpes-cote-dazur","18":"tag-republique-francaise"},"share_on_mastodon":{"url":"https:\/\/pubeurope.com\/@fr\/115425879256286918","error":""},"_links":{"self":[{"href":"https:\/\/www.europesays.com\/fr\/wp-json\/wp\/v2\/posts\/485372","targetHints":{"allow":["GET"]}}],"collection":[{"href":"https:\/\/www.europesays.com\/fr\/wp-json\/wp\/v2\/posts"}],"about":[{"href":"https:\/\/www.europesays.com\/fr\/wp-json\/wp\/v2\/types\/post"}],"author":[{"embeddable":true,"href":"https:\/\/www.europesays.com\/fr\/wp-json\/wp\/v2\/users\/2"}],"replies":[{"embeddable":true,"href":"https:\/\/www.europesays.com\/fr\/wp-json\/wp\/v2\/comments?post=485372"}],"version-history":[{"count":0,"href":"https:\/\/www.europesays.com\/fr\/wp-json\/wp\/v2\/posts\/485372\/revisions"}],"wp:featuredmedia":[{"embeddable":true,"href":"https:\/\/www.europesays.com\/fr\/wp-json\/wp\/v2\/media\/485373"}],"wp:attachment":[{"href":"https:\/\/www.europesays.com\/fr\/wp-json\/wp\/v2\/media?parent=485372"}],"wp:term":[{"taxonomy":"category","embeddable":true,"href":"https:\/\/www.europesays.com\/fr\/wp-json\/wp\/v2\/categories?post=485372"},{"taxonomy":"post_tag","embeddable":true,"href":"https:\/\/www.europesays.com\/fr\/wp-json\/wp\/v2\/tags?post=485372"}],"curies":[{"name":"wp","href":"https:\/\/api.w.org\/{rel}","templated":true}]}}