{"id":485377,"date":"2025-10-23T22:40:12","date_gmt":"2025-10-23T22:40:12","guid":{"rendered":"https:\/\/www.europesays.com\/fr\/485377\/"},"modified":"2025-10-23T22:40:12","modified_gmt":"2025-10-23T22:40:12","slug":"lyon-sur-le-podium-lille-hors-du-top-10-nice-senlise-le-classement-complet-de-la-ligue-europa","status":"publish","type":"post","link":"https:\/\/www.europesays.com\/fr\/485377\/","title":{"rendered":"Lyon sur le podium, Lille hors du Top 10, Nice s\u2019enlise&#8230; Le classement complet de la Ligue Europa"},"content":{"rendered":"<p>\n    Retrouvez le classement complet de la Ligue Europa apr\u00e8s trois journ\u00e9es disput\u00e9es.<\/p>\n<p class=\"fig-paragraph\">Apr\u00e8s\u00a0<a href=\"https:\/\/www.lefigaro.fr\/sports\/football\/ligue-europa\/calendrier-resultats?journee=3\" target=\"_blank\" rel=\"sponsored noopener\" data-gtm-custom-categorie=\"navigation\" data-gtm-custom-action=\"crossclick\" data-gtm-custom-label=\"Contextuel\" data-gtm-event=\"customEventSPE\">cette troisi\u00e8me journ\u00e9e<\/a>\u00a0ce jeudi, retrouvez le classement complet de la de Ligue Europa. Apr\u00e8s deux victoires lors des deux premi\u00e8res journ\u00e9es, le Losc n\u2019a rien pu faire ce jeudi<a href=\"http:\/\/www.lefigaro.fr\/sports\/football\/ligue-europa\/ligue-europa-lille-s-effondre-a-domicile-au-terme-d-un-match-spectaculaire-nice-craque-encore-a-vigo-20251023\" target=\"_blank\" data-fig-type=\"NewsFlash\" rel=\"noopener\" data-gtm-custom-categorie=\"navigation\" data-gtm-custom-action=\"crossclick\" data-gtm-custom-label=\"Contextuel\" data-gtm-event=\"customEventSPE\" data-fig-domain=\"LEFIGARO\">\u00a0face au PAOK (3-4)<\/a>\u00a0au terme d\u2019un match spectaculaire. Cette cruelle d\u00e9faite \u00e9jecte les Lillois hors du Top 10, qui se placent \u00e0 la 11e position avec 6 points.<\/p>\n<p class=\"fig-paragraph\">L\u2019OGC Nice jouait en m\u00eame temps sur la pelouse du Celta Vigo. Apr\u00e8s avoir conc\u00e9d\u00e9 le premier but dans les premiers instants, les Ni\u00e7ois ont r\u00e9ussi \u00e0 \u00e9galiser gr\u00e2ce \u00e0 Mohamed-Ali Cho. Mais le GYM n\u2019a rien pu faire pour \u00e9viter cette troisi\u00e8me d\u00e9faite (2-1) en autant de matches, surtout apr\u00e8s l\u2019exclusion de son capitaine Jonathan Clauss lors de la premi\u00e8re p\u00e9riode. Nice s\u2019enlise dans le fond de tableau et se positionne \u00e0 la 33e place (sur 36) avec aucun point glan\u00e9.<\/p>\n<p>                                    <a class=\"fig-a11y-skip a11y-hidden\" href=\"#fig-a11y-skip-main-inarticle\"><br \/>\n        Passer la publicit\u00e9<br \/>\n    <\/a><\/p>\n<p class=\"fig-paragraph\">La belle op\u00e9ration du jour est pour l\u2019Olympique Lyonnais, qui grimpe sur le podium. 3e \u00e0 \u00e9galit\u00e9 avec Midtjylland et Braga (9 points), l\u2019OL fait partie des trois seules \u00e9quipes \u00e0 avoir gagn\u00e9 toutes ses rencontres depuis le d\u00e9but de la campagne 2025-2026. Ce jeudi, c\u2019est face \u00e0 B\u00e2le, \u00e0 domicile, que Corentin Tolisso et ses co\u00e9quipiers ont remport\u00e9 trois points (tr\u00e8s) important\u00a0<a href=\"http:\/\/www.lefigaro.fr\/sports\/football\/ligue-europa\/l-olympique-lyonnais-confirme-en-ligue-europa-strasbourg-frustre-en-conference-20251023\" target=\"_blank\" data-fig-type=\"NewsFlash\" rel=\"noopener\" data-gtm-custom-categorie=\"navigation\" data-gtm-custom-action=\"crossclick\" data-gtm-custom-label=\"Contextuel\" data-gtm-event=\"customEventSPE\" data-fig-domain=\"LEFIGARO\">(2-0)<\/a>.<\/p>\n<p class=\"fig-paragraph\">Le classement est\u00a0<a href=\"https:\/\/www.lefigaro.fr\/sports\/football\/ligue-europa\/classement\" target=\"_blank\" rel=\"sponsored noopener\" data-gtm-custom-categorie=\"navigation\" data-gtm-custom-action=\"crossclick\" data-gtm-custom-label=\"Contextuel\" data-gtm-event=\"customEventSPE\">\u00e0 retrouver ici<\/a>.<\/p>\n<p class=\"fig-paragraph\">Petit apart\u00e9 pour Strasbourg qui, avec son match nul ce jeudi face aux Polonais de Jagiellonia Bialystok (1-1), se place \u00e0<a href=\"https:\/\/www.lefigaro.fr\/sports\/football\/ligue-europa-conference\/classement\" target=\"_blank\" rel=\"sponsored noopener\" data-gtm-custom-categorie=\"navigation\" data-gtm-custom-action=\"crossclick\" data-gtm-custom-label=\"Contextuel\" data-gtm-event=\"customEventSPE\">\u00a0la 9e au classement de la Ligue Conf\u00e9rence<\/a>.<\/p>\n","protected":false},"excerpt":{"rendered":"Retrouvez le classement complet de la Ligue Europa apr\u00e8s trois journ\u00e9es disput\u00e9es. Apr\u00e8s\u00a0cette troisi\u00e8me journ\u00e9e\u00a0ce jeudi, retrouvez le&hellip;\n","protected":false},"author":2,"featured_media":485378,"comment_status":"","ping_status":"","sticky":false,"template":"","format":"standard","meta":{"footnotes":""},"categories":[1889],"tags":[1111,11,2430,1777,674,1011,27,2267,2428,12,2268,978,25],"class_list":{"0":"post-485377","1":"post","2":"type-post","3":"status-publish","4":"format-standard","5":"has-post-thumbnail","7":"category-lyon","8":"tag-actu","9":"tag-actualites","10":"tag-auvergne-rhone-alpes","11":"tag-eu","12":"tag-europe","13":"tag-fr","14":"tag-france","15":"tag-losc","16":"tag-lyon","17":"tag-news","18":"tag-ogc-nice","19":"tag-olympique-lyonnais","20":"tag-republique-francaise"},"share_on_mastodon":{"url":"https:\/\/pubeurope.com\/@fr\/115425890997100977","error":""},"_links":{"self":[{"href":"https:\/\/www.europesays.com\/fr\/wp-json\/wp\/v2\/posts\/485377","targetHints":{"allow":["GET"]}}],"collection":[{"href":"https:\/\/www.europesays.com\/fr\/wp-json\/wp\/v2\/posts"}],"about":[{"href":"https:\/\/www.europesays.com\/fr\/wp-json\/wp\/v2\/types\/post"}],"author":[{"embeddable":true,"href":"https:\/\/www.europesays.com\/fr\/wp-json\/wp\/v2\/users\/2"}],"replies":[{"embeddable":true,"href":"https:\/\/www.europesays.com\/fr\/wp-json\/wp\/v2\/comments?post=485377"}],"version-history":[{"count":0,"href":"https:\/\/www.europesays.com\/fr\/wp-json\/wp\/v2\/posts\/485377\/revisions"}],"wp:featuredmedia":[{"embeddable":true,"href":"https:\/\/www.europesays.com\/fr\/wp-json\/wp\/v2\/media\/485378"}],"wp:attachment":[{"href":"https:\/\/www.europesays.com\/fr\/wp-json\/wp\/v2\/media?parent=485377"}],"wp:term":[{"taxonomy":"category","embeddable":true,"href":"https:\/\/www.europesays.com\/fr\/wp-json\/wp\/v2\/categories?post=485377"},{"taxonomy":"post_tag","embeddable":true,"href":"https:\/\/www.europesays.com\/fr\/wp-json\/wp\/v2\/tags?post=485377"}],"curies":[{"name":"wp","href":"https:\/\/api.w.org\/{rel}","templated":true}]}}