{"id":485382,"date":"2025-10-23T22:44:16","date_gmt":"2025-10-23T22:44:16","guid":{"rendered":"https:\/\/www.europesays.com\/fr\/485382\/"},"modified":"2025-10-23T22:44:16","modified_gmt":"2025-10-23T22:44:16","slug":"%f0%9f%9a%a8news-anciens-bassirou-dembele-une-immense-fierte-davoir-joue-pour-paris-%f0%9f%94%b4%f0%9f%94%b5%f0%9f%92%af","status":"publish","type":"post","link":"https:\/\/www.europesays.com\/fr\/485382\/","title":{"rendered":"\ud83d\udea8[News-Anciens] Bassirou Demb\u00e9l\u00e9 : \u00ab\u202fUne immense fiert\u00e9 d&rsquo;avoir jou\u00e9 pour Paris\u202f\u00bb\ud83d\udd34\ud83d\udd35\ud83d\udcaf"},"content":{"rendered":"<p class=\"date\">\n\t\t\t\t\t\t\t\tPubli\u00e9 le 23 octobre 2025\t\t\t\t\t\t\t\t<\/p>\n<p>\t\t\t\t\t\t\t\t\t\t\t\t\t\t\t\t\t<img decoding=\"async\" class=\"img-responsive img-thumbnail\" src=\"https:\/\/www.europesays.com\/fr\/wp-content\/uploads\/2025\/10\/Interview-LTDPSG-15-1024x576.png\" alt=\"\"\/><\/p>\n<p>Comme chaque semaine, LTDPSG &amp; PSG.FR retrouvent un ancien joueur pass\u00e9 par le Centre de Formation du Paris Saint-Germain. Direction le Campus PSG, o\u00f9 il est venu se ressourcer, pour prendre des nouvelles de <strong>Bassirou Demb\u00e9l\u00e9 <\/strong>(g\u00e9n\u00e9ration 1990), qui revient sur son actualit\u00e9 et sur ses ann\u00e9es parisiennes.<\/p>\n<p><strong>SA VENUE AU PARIS SAINT-GERMAIN<\/strong><\/p>\n<p>\u00ab\u202fApr\u00e8s avoir \u00e9t\u00e9 test\u00e9 par Le Mans, j\u2019ai pu r\u00e9aliser un essai de quelques jours au Paris Saint-Germain \u00e0 l\u2019\u00e9t\u00e9 2008. D\u00e8s le premier jour, le responsable du Centre de Formation m\u2019a fait part de son avis favorable. J\u2019ai sign\u00e9 un contrat stagiaire professionnel de deux ans, en int\u00e9grant l\u2019\u00e9quipe r\u00e9serve qui \u00e9voluait en CFA. Mon r\u00eave de gosse\u00a0! J\u2019\u00e9voluais en tant que milieu d\u00e9fensif, qui pouvait parfois d\u00e9panner en d\u00e9fense centrale. J\u2019\u00e9tais plein d\u2019ambitions\u2026\u202f\u00bb<\/p>\n<p><strong>SA GRAVE BLESSURE<\/strong><\/p>\n<p>\u00ab\u202fUne fois mon contrat sign\u00e9 au Parc des Princes, j\u2019ai rejoint directement la Tunisie pour disputer les qualifications de la Coupe d\u2019Afrique des Nations, avec les U20 du Mali dont j\u2019\u00e9tais le capitaine. Tout s\u2019est bien pass\u00e9 lors du match aller \u00e0 l\u2019ext\u00e9rieur mais je me suis malheureusement bless\u00e9 au genou lors du match retour, sans pour autant prendre conscience de la gravit\u00e9. De retour \u00e0 Paris, j\u2019avoue avoir dissimul\u00e9 durant deux mois ma douleur car je ne voulais pas m\u2019arr\u00eater de jouer avant m\u00eame d\u2019avoir disput\u00e9 un match officiel. Grosse erreur\u00a0! Lors d\u2019un entra\u00eenement, mon genou a enfl\u00e9 au point que le staff m\u00e9dical fut choqu\u00e9 de me voir courir avec une telle bosse. Verdict\u00a0: rupture des ligaments crois\u00e9s, op\u00e9ration et six mois d\u2019arr\u00eat. J\u2019ai jou\u00e9 avec la confiance du club alors qu\u2019on m\u2019avait tr\u00e8s bien accueilli. J\u2019ai pris un sacr\u00e9 coup moralement mais le kin\u00e9 C\u00e9dric Dupuis, paix \u00e0 son \u00e2me, m\u2019a \u00e9t\u00e9 d\u2019une grande aide lors de ma r\u00e9\u00e9ducation. Mes co\u00e9quipiers ont souvent pris de mes nouvelles, au m\u00eame titre que mes proches qui m\u2019ont beaucoup soutenu. Lors de ma premi\u00e8re saison, j\u2019habitais au Centre de Formation pour faciliter mes soins et r\u00e9duire mes d\u00e9placements avec mes b\u00e9quilles. Ce n\u2019est que lors de ma seconde saison que j\u2019ai pu habiter dans un appartement \u00e0 Saint-Germain-en-Laye en compagnie de mon compatriote Adama Traor\u00e9. Son arriv\u00e9e au club m\u2019a clairement reboost\u00e9.\u202f\u00bb<\/p>\n<p><img decoding=\"async\" src=\"https:\/\/media.psg.fr\/image\/upload\/c_limit,w_3841\/f_avif\/q_75\/v1\/RQ7T3168_egx7ne?_a=BAVAZGID0\" alt=\"\"\/><\/p>\n<p><strong>SON RETOUR \u00c0 LA COMP\u00c9TITION<\/strong><\/p>\n<p>\u00ab\u202fJ\u2019ai fait mon retour lors d\u2019une victoire acquise au Camp des Loges contre la r\u00e9serve de l\u2019AS Nancy Lorraine. Ce moment est l\u2019un des plus beaux jours de ma vie\u00a0! Fouler la pelouse, gagner le match, porter le maillot du PSG\u2026 Lors de l\u2019entra\u00eenement suivant, j\u2019ai r\u00e9alis\u00e9 des examens compl\u00e9mentaires. Le staff m\u00e9dical m\u2019a donn\u00e9 son feu vert pour de bon\u00a0! J\u2019\u00e9tais tellement rempli d\u2019enthousiasme que je n\u2019avais plus aucune peur d\u2019aller au contact, au point de blesser deux de mes partenaires\u00a0! Lors de la seconde saison, j\u2019\u00e9tais toujours dans la rotation de l\u2019effectif r\u00e9serviste, mais il n\u2019\u00e9tait pas simple d\u2019avoir du temps de jeu. J\u2019avais l\u2019impression d\u2019avoir une \u00e9tiquette de joueur fragile. J\u2019ai malgr\u00e9 tout disput\u00e9 chaque minute offerte avec une grande d\u00e9termination. C\u2019\u00e9tait un immense plaisir d\u2019\u00e9voluer avec des jeunes talents comme Maxime Partouche, Jean-Eudes Maurice, Hakeem Achour\u2026 J\u2019ai beaucoup appris \u00e0 leurs c\u00f4t\u00e9s.\u202f\u00bb<\/p>\n<p><strong>SON \u00c9VOLUTION SUR LE TERRAIN<\/strong><\/p>\n<p>\u00ab\u202fAu Mali, le football \u00e9tait bas\u00e9 sur les duels. \u00c0 seize ans et demi, je me suis retrouv\u00e9 en s\u00e9niors o\u00f9 j\u2019ai affront\u00e9 des joueurs exp\u00e9riment\u00e9s. \u00c0 Paris, le jeu \u00e9tait beaucoup plus construit, plus r\u00e9fl\u00e9chi. Les infrastructures \u00e9taient d\u2019excellentes qualit\u00e9s contrairement \u00e0 ce que j\u2019avais connu au pays, ce qui m\u2019a permis de progresser plus facilement sur le plan technique. L\u2019organisation autour du terrain \u00e9tait tr\u00e8s millim\u00e9tr\u00e9e, un bon moyen pour offrir un apprentissage par \u00e9tapes. Je me sentais r\u00e9ellement comme chez moi, m\u00eame si l\u2019hiver \u00e9tait rude\u00a0!\u202f\u00bb<\/p>\n<p><img decoding=\"async\" src=\"https:\/\/media.psg.fr\/image\/upload\/c_limit,w_3841\/f_avif\/q_75\/v1\/CFA_xhcebd?_a=BAVAZGID0\" alt=\"\"\/><\/p>\n<p><strong>SES GRANDES AMBITIONS<\/strong><\/p>\n<p>\u00ab\u202fLorsque j\u2019ai rejoint le PSG, j\u2019\u00e9tais d\u00e9j\u00e0 capitaine des s\u00e9lections de jeunes au Mali. Il y avait donc beaucoup d\u2019espoirs plac\u00e9s en moi, de la part de la F\u00e9d\u00e9ration mais \u00e9galement de tous mes proches. Il \u00e9tait tellement difficile dans les ann\u00e9es 2000 de signer dans un top club europ\u00e9en pour un jeune Africain. Le r\u00eave de tout enfant\u00a0! Auparavant, j\u2019avais toujours jou\u00e9 au football par passion, juste pour le plaisir. L\u00e0, l\u2019enjeu n\u2019\u00e9tait plus le m\u00eame car j\u2019avais pour objectif de faire d\u00e9coller ma carri\u00e8re professionnelle tout en essayant de mettre \u00e0 l\u2019abri les miens. Au Mali, il ne suffit pas d\u2019aider sa propre famille quand on r\u00e9ussit, mais \u00e9galement toute la rue\u00a0! Nous sommes tous \u00e9duqu\u00e9s de la sorte d\u00e8s notre plus jeune \u00e2ge. Je n\u2019avais donc pas le droit \u00e0 l\u2019\u00e9chec, car je ne venais pas pour visiter la Tour Eiffel\u00a0! Malheureusement, ma blessure m\u2019a stopp\u00e9 dans mon \u00e9lan. C\u2019est le destin.\u202f\u00bb<\/p>\n<p><strong>SES MEILLEURS MOMENTS<\/strong><\/p>\n<p>\u00ab\u202fJ\u2019ai eu la chance de participer \u00e0 plusieurs entra\u00eenements avec l\u2019\u00e9quipe professionnelle, aux c\u00f4t\u00e9s des Mak\u00e9l\u00e9l\u00e9, Sakho, Giuly, Jallet\u2026 J\u2019\u00e9tais \u00e9merveill\u00e9 par leur niveau de jeu. \u00c0 cette \u00e9poque, il \u00e9tait fr\u00e9quent de voir les joueurs pros redescendre en \u00e9quipe r\u00e9serve. Lors d\u2019un match disput\u00e9 en CFA contre Le Mans au Camp des Loges, j\u2019\u00e9tais entr\u00e9 en jeu \u00e0 la place de J\u00e9r\u00f4me Rothen. Il y avait \u00e9galement Guillaume Hoarau et Peguy Luyindula en attaque. Lors de la mise au vert, j\u2019avais pu \u00e9changer avec eux. C\u2019\u00e9tait compl\u00e8tement fou car habituellement, je les voyais \u00e0 la t\u00e9l\u00e9vision\u00a0! J\u2019ai \u00e9galement eu l\u2019occasion d\u2019\u00e9voluer en tant que d\u00e9fenseur central, juste devant Gr\u00e9gory Coupet qui revenait de blessure. Il m\u2019avait bluff\u00e9 par sa communication. \u00c7a reste grav\u00e9 dans ma t\u00eate\u00a0!\u202f\u00bb<\/p>\n<p><img decoding=\"async\" src=\"https:\/\/media.psg.fr\/image\/upload\/c_limit,w_3841\/f_avif\/q_75\/v1\/RQ7T3264_ix90qp?_a=BAVAZGID0\" alt=\"\"\/><\/p>\n<p><strong>SON BILAN D\u2019APPRENTI FOOTBALLEUR<\/strong><\/p>\n<p>\u00ab\u202fMon passage \u00e0 Paris m\u2019a permis d\u2019acqu\u00e9rir un mental de guerrier\u00a0! Pour revenir au top apr\u00e8s ma blessure, il m\u2019a fallu travailler, travailler et encore travailler durement pour y parvenir. Sans cela, on n\u2019a rien\u00a0! Il m\u2019a fallu \u00e9galement faire attention aux diverses sollicitations, car jouer au PSG rend beau et int\u00e9ressant. D\u00e9fendre le maillot rouge et bleu m\u2019a demand\u00e9 d\u2019\u00eatre s\u00e9rieux, respectueux, organis\u00e9 et sage. Paris m\u2019a servi de tremplin pour rejoindre le Slavia Prague o\u00f9 j\u2019ai sign\u00e9 mon premier contrat professionnel. Aucune tristesse ressentie lors de mon d\u00e9part, bien au contraire c\u2019est plut\u00f4t de la fiert\u00e9 qui prenait le dessus car j\u2019avais conscience que beaucoup d\u2019autres jeunes auraient voulu \u00eatre \u00e0 ma place. Plus tard, je pourrais dire \u00e0 mes enfants que j\u2019ai jou\u00e9 pour le plus grand club fran\u00e7ais\u00a0!\u202f\u00bb<\/p>\n<p><strong>SON ACTUALIT\u00c9 PROFESSIONNELLE<\/strong><\/p>\n<p>\u00ab\u202fApr\u00e8s avoir stopp\u00e9 ma carri\u00e8re footballistique en 2017, je suis retourn\u00e9 au Mali afin d\u2019obtenir la licence FIFA d\u2019agent sportif l\u2019ann\u00e9e suivante. Je travaille \u00e0 temps plein pour une agence de consulting bas\u00e9e \u00e0 Paris. Mes missions principales sont d\u2019observer, recruter et accompagner des jeunes joueurs africains talentueux afin de leur ouvrir les portes du football europ\u00e9en lorsque le timing le permet. Pour avoir fr\u00e9quent\u00e9 le Centre de Formation du Paris Saint-Germain, l\u2019un des meilleurs au monde, je sais quels sont les profils de joueurs qui peuvent int\u00e9resser le staff technique, \u00e0 l\u2019image de l\u2019attaquante Agueissa Diarra qui a sign\u00e9 au club la saison pass\u00e9e pour renforcer l\u2019\u00e9quipe f\u00e9minine. Le but n\u2019est pas d\u2019envoyer pour envoyer des joueurs ou des joueuses afin de leur faire plaisir, ni de faire perdre du temps aux diff\u00e9rents clubs. Il n\u2019est jamais simple de faire le bon choix, voil\u00e0 pourquoi il est important de prendre son temps. Je me sers bien \u00e9videmment de ma propre exp\u00e9rience de vie pour leur apporter un maximum de conseils, de la bienveillance et des encouragements, sans pour autant leur vendre du r\u00eave\u00a0!\u202f\u00bb<\/p>\n<p><img decoding=\"async\" src=\"https:\/\/media.psg.fr\/image\/upload\/c_limit,w_3841\/f_avif\/q_75\/v1\/PD1R8952_f0hd1o?_a=BAVAZGID0\" alt=\"\"\/><\/p>\n<p><strong>PROFIL\u00a0:<\/strong><\/p>\n<p><strong>Date de naissance\u00a0:<\/strong>\u00a028 janvier 1990<\/p>\n<p><strong>Lieu de naissance\u00a0:<\/strong>\u00a0Bamako (Mali)<\/p>\n<p><strong>Poste\u00a0:<\/strong>\u00a0milieu de terrain<\/p>\n<p><strong>Clubs successifs\u00a0:<\/strong>\u00a0Djoliba AC (2002 \u00e0 2007), Centre Salif Keita (2007 \u00e0 2008),\u00a0<strong>Paris Saint-Germain<\/strong>\u00a0(2008 \u00e0 2010), SK Slavia Prague (2010 \u00e0 2012), Stade Malien (2013 \u00e0 2014), Bakaridjan Barou\u00e9li (2014 \u00e0 2015), AS Gab\u00e8s (2015), Anagennisi Karditsa (2016 \u00e0 2017)<\/p>\n<p><strong>\u00c9quipe du Mali\u00a0:<\/strong>\u00a0U17, U20, U23<\/p>\n<p class=\"content-etiquette\">\n\t\t\t\t\t\t\t\t\t<a href=\"https:\/\/www.lestitisdupsg.fr\/tag\/bassirou-dembele\/\" rel=\"tag nofollow noopener\" target=\"_blank\">bassirou demb\u00e9l\u00e9<\/a><a href=\"https:\/\/www.lestitisdupsg.fr\/tag\/interview\/\" rel=\"tag nofollow noopener\" target=\"_blank\">interview<\/a>\t\t\t\t\t\t\t\t<\/p>\n","protected":false},"excerpt":{"rendered":"Publi\u00e9 le 23 octobre 2025 Comme chaque semaine, LTDPSG &amp; PSG.FR retrouvent un ancien joueur pass\u00e9 par le&hellip;\n","protected":false},"author":2,"featured_media":485383,"comment_status":"","ping_status":"","sticky":false,"template":"","format":"standard","meta":{"footnotes":""},"categories":[1888],"tags":[1111,1928,11,1927,1777,674,1011,27,12,1926,626,1925,25],"class_list":{"0":"post-485382","1":"post","2":"type-post","3":"status-publish","4":"format-standard","5":"has-post-thumbnail","7":"category-paris","8":"tag-actu","9":"tag-actu-paris","10":"tag-actualites","11":"tag-actualites-paris","12":"tag-eu","13":"tag-europe","14":"tag-fr","15":"tag-france","16":"tag-news","17":"tag-news-paris","18":"tag-paris","19":"tag-paris-news","20":"tag-republique-francaise"},"share_on_mastodon":{"url":"https:\/\/pubeurope.com\/@fr\/115425907608759526","error":""},"_links":{"self":[{"href":"https:\/\/www.europesays.com\/fr\/wp-json\/wp\/v2\/posts\/485382","targetHints":{"allow":["GET"]}}],"collection":[{"href":"https:\/\/www.europesays.com\/fr\/wp-json\/wp\/v2\/posts"}],"about":[{"href":"https:\/\/www.europesays.com\/fr\/wp-json\/wp\/v2\/types\/post"}],"author":[{"embeddable":true,"href":"https:\/\/www.europesays.com\/fr\/wp-json\/wp\/v2\/users\/2"}],"replies":[{"embeddable":true,"href":"https:\/\/www.europesays.com\/fr\/wp-json\/wp\/v2\/comments?post=485382"}],"version-history":[{"count":0,"href":"https:\/\/www.europesays.com\/fr\/wp-json\/wp\/v2\/posts\/485382\/revisions"}],"wp:featuredmedia":[{"embeddable":true,"href":"https:\/\/www.europesays.com\/fr\/wp-json\/wp\/v2\/media\/485383"}],"wp:attachment":[{"href":"https:\/\/www.europesays.com\/fr\/wp-json\/wp\/v2\/media?parent=485382"}],"wp:term":[{"taxonomy":"category","embeddable":true,"href":"https:\/\/www.europesays.com\/fr\/wp-json\/wp\/v2\/categories?post=485382"},{"taxonomy":"post_tag","embeddable":true,"href":"https:\/\/www.europesays.com\/fr\/wp-json\/wp\/v2\/tags?post=485382"}],"curies":[{"name":"wp","href":"https:\/\/api.w.org\/{rel}","templated":true}]}}