{"id":485389,"date":"2025-10-23T22:48:13","date_gmt":"2025-10-23T22:48:13","guid":{"rendered":"https:\/\/www.europesays.com\/fr\/485389\/"},"modified":"2025-10-23T22:48:13","modified_gmt":"2025-10-23T22:48:13","slug":"moscou-se-dit-ouverte-a-un-dialogue-avec-washington-malgre-labsence-de-projet-de-rencontre-presidentielle","status":"publish","type":"post","link":"https:\/\/www.europesays.com\/fr\/485389\/","title":{"rendered":"Moscou se dit ouverte \u00e0 un dialogue avec Washington malgr\u00e9 l\u2019absence de projet de rencontre pr\u00e9sidentielle"},"content":{"rendered":"<p>AA \/ Moscou \/ Elena Teslova<\/p>\n<p>R\u00e9agissant aux d\u00e9clarations de l\u2019administration Trump selon lesquelles il n\u2019existe actuellement \u00ab aucun projet \u00bb de rencontre entre les pr\u00e9sidents am\u00e9ricain et russe, Moscou a affirm\u00e9 jeudi rester ouverte \u00e0 la poursuite des contacts avec les \u00c9tats-Unis.<\/p>\n<p>Lors d\u2019un point de presse \u00e0 Moscou, la porte-parole du minist\u00e8re russe des Affaires \u00e9trang\u00e8res, Maria Zakharova, a indiqu\u00e9 que l\u2019objectif des \u00e9changes russo-am\u00e9ricains \u00e9tait de pr\u00e9ciser les param\u00e8tres du dialogue, tant sur les aspects bilat\u00e9raux que sur les mesures communes en faveur d\u2019un r\u00e8glement en Ukraine.<\/p>\n<p>\u00ab Nous partons du principe que Washington continuera de partager ses r\u00e9flexions et ses motivations concernant les mesures prises, y compris celles rendues publiques \u00bb, a-t-elle d\u00e9clar\u00e9.<\/p>\n<p>Zakharova a soulign\u00e9 que la position de la Russie sur le conflit ukrainien demeurait inchang\u00e9e, insistant sur la n\u00e9cessit\u00e9 d\u2019assurer la neutralit\u00e9, la non-alignement et le statut non nucl\u00e9aire de l\u2019Ukraine, sa d\u00e9militarisation et sa \u201cd\u00e9nazification\u201d, ainsi que sur l\u2019\u00e9tablissement de garanties solides pour les droits et libert\u00e9s de la population russophone et la libre activit\u00e9 de l\u2019\u00c9glise orthodoxe ukrainienne.<\/p>\n<p>\u00ab C\u2019est \u00e0 partir de cette base que nous menons notre dialogue avec les \u00c9tats-Unis et avec d\u2019autres pays d\u00e9sireux de contribuer de mani\u00e8re constructive au processus de r\u00e8glement \u00bb, a-t-elle pr\u00e9cis\u00e9.<\/p>\n<p>La diplomate a ajout\u00e9 que la Russie ne voyait \u00ab aucun obstacle majeur \u00bb \u00e0 la poursuite du processus initi\u00e9 par les pr\u00e9sidents russe et am\u00e9ricain, visant \u00e0 harmoniser les cadres politiques de r\u00e9solution de la crise ukrainienne et \u00e0 les traduire en r\u00e9sultats concrets.<\/p>\n<p>\u00ab Oui, c\u2019est un travail difficile et minutieux, mais il doit \u00eatre men\u00e9 par des moyens diplomatiques, et non par des fuites ou des provocations \u00bb, a-t-elle conclu.<\/p>\n<p>* Traduit de l&rsquo;anglais par Adama Bamba<\/p>\n<p>                            &#13;<br \/>\n                                <a href=\"https:\/\/www.aa.com.tr\/fr\/p\/abonnement\/1001\" target=\"_blank\" style=\"font-size:12px; color:#444; text-decoration:none;\" rel=\"noopener\">&#13;<br \/>\n                                    Seulement une partie des d\u00e9p\u00eaches, que l&rsquo;Agence Anadolu diffuse \u00e0 ses abonn\u00e9s via le Syst\u00e8me de Diffusion interne (HAS), est diffus\u00e9e sur le site de l&rsquo;AA, de mani\u00e8re r\u00e9sum\u00e9e. <b style=\"color:#1897F7\">Contactez-nous s&rsquo;il vous pla\u00eet pour vous abonner.<\/b>&#13;<br \/>\n                                <\/a>&#13;<\/p>\n","protected":false},"excerpt":{"rendered":"AA \/ Moscou \/ Elena Teslova R\u00e9agissant aux d\u00e9clarations de l\u2019administration Trump selon lesquelles il n\u2019existe actuellement \u00ab&hellip;\n","protected":false},"author":2,"featured_media":485390,"comment_status":"","ping_status":"","sticky":false,"template":"","format":"standard","meta":{"footnotes":""},"categories":[1590],"tags":[4295,11,1785,1777,674,10743,1916,12,220],"class_list":{"0":"post-485389","1":"post","2":"type-post","3":"status-publish","4":"format-standard","5":"has-post-thumbnail","7":"category-ukraine","8":"tag-tats-unis","9":"tag-actualites","10":"tag-anadolu-ajansi","11":"tag-eu","12":"tag-europe","13":"tag-maria-zakharova","14":"tag-moscou","15":"tag-news","16":"tag-ukraine"},"share_on_mastodon":{"url":"https:\/\/pubeurope.com\/@fr\/115425922561645140","error":""},"_links":{"self":[{"href":"https:\/\/www.europesays.com\/fr\/wp-json\/wp\/v2\/posts\/485389","targetHints":{"allow":["GET"]}}],"collection":[{"href":"https:\/\/www.europesays.com\/fr\/wp-json\/wp\/v2\/posts"}],"about":[{"href":"https:\/\/www.europesays.com\/fr\/wp-json\/wp\/v2\/types\/post"}],"author":[{"embeddable":true,"href":"https:\/\/www.europesays.com\/fr\/wp-json\/wp\/v2\/users\/2"}],"replies":[{"embeddable":true,"href":"https:\/\/www.europesays.com\/fr\/wp-json\/wp\/v2\/comments?post=485389"}],"version-history":[{"count":0,"href":"https:\/\/www.europesays.com\/fr\/wp-json\/wp\/v2\/posts\/485389\/revisions"}],"wp:featuredmedia":[{"embeddable":true,"href":"https:\/\/www.europesays.com\/fr\/wp-json\/wp\/v2\/media\/485390"}],"wp:attachment":[{"href":"https:\/\/www.europesays.com\/fr\/wp-json\/wp\/v2\/media?parent=485389"}],"wp:term":[{"taxonomy":"category","embeddable":true,"href":"https:\/\/www.europesays.com\/fr\/wp-json\/wp\/v2\/categories?post=485389"},{"taxonomy":"post_tag","embeddable":true,"href":"https:\/\/www.europesays.com\/fr\/wp-json\/wp\/v2\/tags?post=485389"}],"curies":[{"name":"wp","href":"https:\/\/api.w.org\/{rel}","templated":true}]}}