{"id":485391,"date":"2025-10-23T22:49:13","date_gmt":"2025-10-23T22:49:13","guid":{"rendered":"https:\/\/www.europesays.com\/fr\/485391\/"},"modified":"2025-10-23T22:49:13","modified_gmt":"2025-10-23T22:49:13","slug":"la-colombie-accuse-les-etats-unis-de-commettre-des-executions-en-mer","status":"publish","type":"post","link":"https:\/\/www.europesays.com\/fr\/485391\/","title":{"rendered":"La Colombie accuse les \u00c9tats-Unis de commettre des \u00ab\u00a0ex\u00e9cutions\u00a0\u00bb en mer"},"content":{"rendered":"<p>Dans le cadre de ce qui est pr\u00e9sent\u00e9 comme une op\u00e9ration de lutte contre le narcotrafic, Washington a revendiqu\u00e9 depuis d\u00e9but septembre neuf attaques ayant fait 37 morts.<\/p>\n<p>Mercredi, l&rsquo;administration Trump a annonc\u00e9 deux premi\u00e8res frappes dans le Pacifique. Au moins l&rsquo;une d&rsquo;elles s&rsquo;est produite pr\u00e8s des eaux colombiennes, selon une source militaire. <\/p>\n<p>La Maison Blanche et le Pentagone ont fourni peu de preuves pour \u00e9tayer leurs affirmations selon lesquelles les personnes cibl\u00e9es \u00e9taient impliqu\u00e9es dans le trafic de drogue.<\/p>\n<p>Dans \u00ab\u00a0ce type de man\u0153uvres, qui selon nous enfreignent le droit international, les \u00c9tats-Unis (&#8230;) commettent des ex\u00e9cutions extrajudiciaires\u00a0\u00bb, a d\u00e9clar\u00e9 le pr\u00e9sident de gauche lors d&rsquo;une conf\u00e9rence de presse \u00e0 Bogota, demandant \u00e0 ce que les personnes suspect\u00e9es de transporter de la drogue soient jug\u00e9es et non tu\u00e9es.<\/p>\n<p>\u00ab\u00a0Il y a un usage disproportionn\u00e9 de la force qui est puni par le droit international humanitaire\u00a0\u00bb, a insist\u00e9 M. Petro.<\/p>\n<p>Selon le pr\u00e9sident colombien, au cours de ces op\u00e9rations, les \u00c9tats-Unis ont viol\u00e9 les eaux nationales et \u00ab\u00a0tu\u00e9\u00a0\u00bb un p\u00eacheur colombien. <\/p>\n<p>\u00ab\u00a0La mer des Cara\u00efbes est travers\u00e9e par des navires de guerre, des a\u00e9ronefs navals et des missiles (&#8230;) Un p\u00eacheur de Santa Marta (nord) a m\u00eame \u00e9t\u00e9 tu\u00e9 sur son bateau\u00a0\u00bb, a-t-il r\u00e9affirm\u00e9 jeudi.<\/p>\n<p>Donald Trump et Gustavo Petro multiplient les \u00e9changes muscl\u00e9s ces derniers jours. <\/p>\n<p>Le pr\u00e9sident am\u00e9ricain Donald Trump a qualifi\u00e9 son homologue de \u00ab\u00a0baron de la drogue\u00a0\u00bb et de \u00ab\u00a0voyou\u00a0\u00bb. L&rsquo;\u00e9lu de gauche a r\u00e9pondu en annon\u00e7ant vouloir porter plainte pour diffamation devant la justice am\u00e9ricaine.<\/p>\n<p>Le secr\u00e9taire d&rsquo;\u00c9tat Marco Rubio a de son c\u00f4t\u00e9 qualifi\u00e9 le dirigeant colombien de \u00ab\u00a0fou\u00a0\u00bb. <\/p>\n<p>Le locataire de la Maison Blanche a invit\u00e9 Gustavo Petro \u00e0 \u00ab\u00a0faire attention, sinon nous prendrons des mesures tr\u00e8s s\u00e9rieuses contre lui et son pays.\u00a0\u00bb<\/p>\n<p>\u00ab\u00a0Monsieur Trump m&rsquo;a calomni\u00e9 et a insult\u00e9 la Colombie\u00a0\u00bb, a fustig\u00e9 Gustavo Petro jeudi devant les m\u00e9dias internationaux.<\/p>\n<p>\u00ab\u00a0Je ne pense pas que nous assistions actuellement \u00e0 une d\u00e9sescalade de la part du leader d\u00e9s\u00e9quilibr\u00e9 de la Colombie\u00a0\u00bb, a r\u00e9torqu\u00e9 la porte-parole de la Maison Blanche, Karoline Leavitt, en conf\u00e9rence de presse.<\/p>\n<p>Les \u00c9tats-Unis ont \u00e9galement retir\u00e9 cette ann\u00e9e la Colombie de la liste des pays alli\u00e9s dans la lutte antidrogue et r\u00e9voqu\u00e9 le visa de Gustavo Petro et de plusieurs fonctionnaires colombiens. <\/p>\n<p>Lorsque la certification antidrogue a \u00e9t\u00e9 annul\u00e9e, \u00ab\u00a0cela nous a sembl\u00e9 tr\u00e8s paradoxal et \u00e9videmment, nous l&rsquo;avons re\u00e7u comme une insulte\u00a0\u00bb, a affirm\u00e9 le chef de l&rsquo;\u00c9tat colombien.<\/p>\n<p>Les \u00c9tats-Unis ont en outre annonc\u00e9 la fin de l&rsquo;aide financi\u00e8re au pays et des droits de douane punitifs \u00e0 venir en repr\u00e9saille \u00e0 la hausse de la production de coca\u00efne en Colombie.<\/p>\n<p>La Colombie est le premier producteur mondial de coca\u00efne, mais elle travaille depuis des d\u00e9cennies avec Washington pour en r\u00e9duire la production, contr\u00f4l\u00e9e par divers groupes paramilitaires, cartels et gu\u00e9rillas. <\/p>\n<p>\u00ab\u00a0Ce qui est en jeu, c&rsquo;est une relation historique vieille de plus de 200 ans, qui profite aux \u00c9tats-Unis comme \u00e0 la Colombie\u00a0\u00bb, s&rsquo;est alarm\u00e9 mercredi l&rsquo;ambassadeur colombien \u00e0 Washington Daniel Garcia-Pe\u00f1a, dans un entretien \u00e0 l&rsquo;AFP, apr\u00e8s avoir \u00e9t\u00e9 rappel\u00e9 \u00e0 Bogota pour consultations. Il a jug\u00e9 les d\u00e9clarations du pr\u00e9sident am\u00e9ricain \u00ab\u00a0inacceptables\u00a0\u00bb.<\/p>\n","protected":false},"excerpt":{"rendered":"Dans le cadre de ce qui est pr\u00e9sent\u00e9 comme une op\u00e9ration de lutte contre le narcotrafic, Washington a&hellip;\n","protected":false},"author":2,"featured_media":485392,"comment_status":"","ping_status":"","sticky":false,"template":"","format":"standard","meta":{"footnotes":""},"categories":[1589],"tags":[17,10983,11,9395,60855,154,73,1866,60856,329,151,12,1864,1865,1863,308],"class_list":{"0":"post-485391","1":"post","2":"type-post","3":"status-publish","4":"format-standard","5":"has-post-thumbnail","7":"category-etats-unis","8":"tag-17","9":"tag-accuse","10":"tag-actualites","11":"tag-colombie","12":"tag-commettre","13":"tag-des","14":"tag-etats-unis","15":"tag-etats-unis-damerique","16":"tag-executions","17":"tag-france-monde","18":"tag-les","19":"tag-news","20":"tag-united-states","21":"tag-united-states-of-america","22":"tag-us","23":"tag-usa"},"share_on_mastodon":{"url":"https:\/\/pubeurope.com\/@fr\/115425926462220004","error":""},"_links":{"self":[{"href":"https:\/\/www.europesays.com\/fr\/wp-json\/wp\/v2\/posts\/485391","targetHints":{"allow":["GET"]}}],"collection":[{"href":"https:\/\/www.europesays.com\/fr\/wp-json\/wp\/v2\/posts"}],"about":[{"href":"https:\/\/www.europesays.com\/fr\/wp-json\/wp\/v2\/types\/post"}],"author":[{"embeddable":true,"href":"https:\/\/www.europesays.com\/fr\/wp-json\/wp\/v2\/users\/2"}],"replies":[{"embeddable":true,"href":"https:\/\/www.europesays.com\/fr\/wp-json\/wp\/v2\/comments?post=485391"}],"version-history":[{"count":0,"href":"https:\/\/www.europesays.com\/fr\/wp-json\/wp\/v2\/posts\/485391\/revisions"}],"wp:featuredmedia":[{"embeddable":true,"href":"https:\/\/www.europesays.com\/fr\/wp-json\/wp\/v2\/media\/485392"}],"wp:attachment":[{"href":"https:\/\/www.europesays.com\/fr\/wp-json\/wp\/v2\/media?parent=485391"}],"wp:term":[{"taxonomy":"category","embeddable":true,"href":"https:\/\/www.europesays.com\/fr\/wp-json\/wp\/v2\/categories?post=485391"},{"taxonomy":"post_tag","embeddable":true,"href":"https:\/\/www.europesays.com\/fr\/wp-json\/wp\/v2\/tags?post=485391"}],"curies":[{"name":"wp","href":"https:\/\/api.w.org\/{rel}","templated":true}]}}