{"id":485395,"date":"2025-10-23T22:51:17","date_gmt":"2025-10-23T22:51:17","guid":{"rendered":"https:\/\/www.europesays.com\/fr\/485395\/"},"modified":"2025-10-23T22:51:17","modified_gmt":"2025-10-23T22:51:17","slug":"aucune-raison-de-se-reposer-malgre-un-excedent-de-recettes-fiscales-jusquen-2029-lallemagne-prone-la-discipline-budgetaire-23-10-2025-a-1349","status":"publish","type":"post","link":"https:\/\/www.europesays.com\/fr\/485395\/","title":{"rendered":"\u00ab\u00a0Aucune raison de se reposer\u00a0\u00bb : malgr\u00e9 un exc\u00e9dent de recettes fiscales jusqu&rsquo;en 2029, l&rsquo;Allemagne pr\u00f4ne la discipline budg\u00e9taire &#8211; 23\/10\/2025 \u00e0 13:49"},"content":{"rendered":"<p> Cette \u00e9claircie \u00e0 venir pour les caisses du pays intervient dans le contexte des investissements massifs annonc\u00e9s au printemps par Friedrich Merz, en mati\u00e8re d&rsquo;infrastructures et de d\u00e9fense.<\/p>\n<p>        <img fetchpriority=\"high\" decoding=\"async\" src=\"https:\/\/www.europesays.com\/fr\/wp-content\/uploads\/2025\/10\/7614486593956deb9387cf4aa219699d-760x541.jpg\" alt=\"Lars Klingbeil, ministre allemand des Finances, le 9 octobre 2025  ( AFP \/ ODD ANDERSEN )\" loading=\"eager\" width=\"760\" height=\"541\" style=\"max-width: 100%!important; height: auto;\"\/><\/p>\n<p class=\"c-image-news__legend\">Lars Klingbeil, ministre allemand des Finances, le 9 octobre 2025  ( AFP \/ ODD ANDERSEN )<\/p>\n<p>\n L&rsquo;Allemagne devrait engranger plus de recettes fiscales l&rsquo;an prochain et jusqu&rsquo;en 2029, gr\u00e2ce \u00e0 un r\u00e9veil attendu de l&rsquo;\u00e9conomie, mais la discipline budg\u00e9taire doit rester un imp\u00e9ratif, a pr\u00e9venu jeudi 23 octobre le ministre allemand des Finances.\n<\/p>\n<p>\n <strong><br \/>\n  Les recettes fiscales de l&rsquo;\u00c9tat f\u00e9d\u00e9ral (Bund), des r\u00e9gions (L\u00e4nder) et des communes conna\u00eetront un exc\u00e9dent d&rsquo;environ 33,6 milliards d&rsquo;euros entre 2025 et 2029<br \/>\n <\/strong><br \/>\n par rapport \u00e0 l&rsquo;estimation pr\u00e9c\u00e9dente de mai, selon les chiffres communiqu\u00e9s par le minist\u00e8re. Cette am\u00e9lioration profite quasiment exclusivement aux L\u00e4nder et aux communes. Pour le Bund, apr\u00e8s de l\u00e9g\u00e8res augmentations attendues les deux prochaines ann\u00e9es, les recettes devraient \u00eatre inf\u00e9rieures aux pr\u00e9c\u00e9dentes pr\u00e9visions \u00e0 partir de 2028.\n<\/p>\n<p> \u00ab\u00a0Trou budg\u00e9taire\u00a0\u00bb en vue<\/p>\n<p>\n Cela s&rsquo;explique par les all\u00e9gements fiscaux vot\u00e9s par le gouvernement de coalition droite-gauche du conservateur Friedrich Merz pour relancer une croissance en berne. \u00ab\u00a0Mon objectif reste de s\u00e9curiser les emplois en Allemagne et de cr\u00e9er ici les emplois de demain\u00a0\u00bb, a d\u00e9clar\u00e9 le ministre social-d\u00e9mocrates des Finances Lars Klingbeil devant la presse.\n<\/p>\n<p>\n L&rsquo;Allemagne a vot\u00e9 au printemps des milliards de d\u00e9penses suppl\u00e9mentaires pour moderniser ses infrastructures et muscler sa d\u00e9fense, en recourant \u00e0 un fonds d\u00e9di\u00e9 qui permet de contourner les stricts freins \u00e0 l&rsquo;endettement. Pour autant, la discipline budg\u00e9taire doit rester la norme:<br \/>\n <strong><br \/>\n  \u00ab\u00a0il n&rsquo;y a absolument aucune raison de se reposer\u00a0\u00bb car \u00ab\u00a0au vu du trou budg\u00e9taire qui s&rsquo;ouvrira \u00e0 partir de 2027 (&#8230;) cette hausse conjoncturelle des recettes n&rsquo;apporte qu&rsquo;un l\u00e9ger r\u00e9pit\u00a0\u00bb,<br \/>\n <\/strong><br \/>\n selon M. Klingbeil.\n<\/p>\n<p>\n Le message est clair aux partenaires de la coalition : \u00ab\u00a0la t\u00e2che consistant \u00e0 combler l&rsquo;\u00e9cart (en 2027) demeure\u00a0\u00bb et tous les minist\u00e8res \u00ab\u00a0vont d\u00e9sormais devoir redoubler d&rsquo;efforts pour y parvenir\u00a0\u00bb, a pr\u00e9venu M. Klingeil. L&rsquo;Allemagne sort de deux ann\u00e9es de contraction du PIB et les pr\u00e9visions tablent sur une quasi-stagnation de l&rsquo;\u00e9conomie cette ann\u00e9e, selon la Bundesbank, avant un r\u00e9veil modeste attendu en 2026 (+0,7 %) et plus net en 2027 (+1,2 %).<\/p>\n","protected":false},"excerpt":{"rendered":"Cette \u00e9claircie \u00e0 venir pour les caisses du pays intervient dans le contexte des investissements massifs annonc\u00e9s au&hellip;\n","protected":false},"author":2,"featured_media":485396,"comment_status":"","ping_status":"","sticky":false,"template":"","format":"standard","meta":{"footnotes":""},"categories":[1587],"tags":[400,11,672,398,408,1804,405,1805,1803,1777,674,1801,403,402,399,404,12,1802,401,406,407],"class_list":{"0":"post-485395","1":"post","2":"type-post","3":"status-publish","4":"format-standard","5":"has-post-thumbnail","7":"category-allemagne","8":"tag-action-cac-40","9":"tag-actualites","10":"tag-allemagne","11":"tag-bourse-de-paris","12":"tag-boursorama","13":"tag-bundesrepublik-deutschland","14":"tag-cotations","15":"tag-de","16":"tag-deutschland","17":"tag-eu","18":"tag-europe","19":"tag-germany","20":"tag-indices-devises","21":"tag-investir","22":"tag-investissement","23":"tag-marche-boursier","24":"tag-news","25":"tag-republique-federale-dallemagne","26":"tag-sicav","27":"tag-trackers","28":"tag-warrants"},"share_on_mastodon":{"url":"https:\/\/pubeurope.com\/@fr\/115425935563256694","error":""},"_links":{"self":[{"href":"https:\/\/www.europesays.com\/fr\/wp-json\/wp\/v2\/posts\/485395","targetHints":{"allow":["GET"]}}],"collection":[{"href":"https:\/\/www.europesays.com\/fr\/wp-json\/wp\/v2\/posts"}],"about":[{"href":"https:\/\/www.europesays.com\/fr\/wp-json\/wp\/v2\/types\/post"}],"author":[{"embeddable":true,"href":"https:\/\/www.europesays.com\/fr\/wp-json\/wp\/v2\/users\/2"}],"replies":[{"embeddable":true,"href":"https:\/\/www.europesays.com\/fr\/wp-json\/wp\/v2\/comments?post=485395"}],"version-history":[{"count":0,"href":"https:\/\/www.europesays.com\/fr\/wp-json\/wp\/v2\/posts\/485395\/revisions"}],"wp:featuredmedia":[{"embeddable":true,"href":"https:\/\/www.europesays.com\/fr\/wp-json\/wp\/v2\/media\/485396"}],"wp:attachment":[{"href":"https:\/\/www.europesays.com\/fr\/wp-json\/wp\/v2\/media?parent=485395"}],"wp:term":[{"taxonomy":"category","embeddable":true,"href":"https:\/\/www.europesays.com\/fr\/wp-json\/wp\/v2\/categories?post=485395"},{"taxonomy":"post_tag","embeddable":true,"href":"https:\/\/www.europesays.com\/fr\/wp-json\/wp\/v2\/tags?post=485395"}],"curies":[{"name":"wp","href":"https:\/\/api.w.org\/{rel}","templated":true}]}}