{"id":485399,"date":"2025-10-23T22:53:19","date_gmt":"2025-10-23T22:53:19","guid":{"rendered":"https:\/\/www.europesays.com\/fr\/485399\/"},"modified":"2025-10-23T22:53:19","modified_gmt":"2025-10-23T22:53:19","slug":"candidature-de-la-moldavie-a-lue-et-negociations-sur-la-defense-des-drones","status":"publish","type":"post","link":"https:\/\/www.europesays.com\/fr\/485399\/","title":{"rendered":"Candidature de la Moldavie \u00e0 l\u2019UE et n\u00e9gociations sur la d\u00e9fense des drones"},"content":{"rendered":"<p class=\"p-empty\">\u00a0<\/p>\n<blockquote>\n<p>Interrog\u00e9 sur l&rsquo;\u00e9ventuel gel des avoirs russes, le pr\u00e9sident Nicu\u015for Dan a expliqu\u00e9 que le sujet \u00e9tait en discussion depuis plusieurs semaines et qu&rsquo;une d\u00e9cision finale pourrait \u00eatre prise en d\u00e9cembre. \u00ab C&rsquo;est une discussion qui dure depuis trois semaines. Nous verrons lors des discussions entre les dirigeants si nous parvenons \u00e0 un consensus ou si nous reportons la d\u00e9cision \u00e0 d\u00e9cembre \u00bb, a-t-il d\u00e9clar\u00e9.<\/p>\n<\/blockquote>\n<p>Le pr\u00e9sident apaise les craintes d&rsquo;une attaque russe en Europe : \u00ab Les citoyens doivent rester calmes \u00bb<\/p>\n<p>Jeudi, avant la r\u00e9union du Conseil europ\u00e9en \u00e0 Bruxelles, le pr\u00e9sident Nicu\u015for Dan a \u00e9t\u00e9 interrog\u00e9 par des journalistes roumains sur la mani\u00e8re dont la Roumanie se pr\u00e9pare \u00e0 une \u00e9ventuelle attaque russe en Europe, alors que le pr\u00e9sident annoncera la strat\u00e9gie de d\u00e9fense nationale du pays dans les prochaines ann\u00e9es.<\/p>\n<p>\u00ab Il faut garder son calme, car nous sommes bien plus forts \u00e9conomiquement que la Russie et, si nous nous pr\u00e9parons, ce danger n&rsquo;existe pas \u00bb, a soulign\u00e9 Nicu\u0219or Dan.<br \/>ChatGPT a d\u00e9clar\u00e9 :<\/p>\n<p>Interrog\u00e9 sur la possibilit\u00e9 d&rsquo;une attaque russe contre l&rsquo;Europe, Nicu\u0219or Dan a cherch\u00e9 \u00e0 apaiser les inqui\u00e9tudes, soulignant l&rsquo;absence de danger imm\u00e9diat, m\u00eame si une guerre hybride s\u00e9vit dans la r\u00e9gion depuis dix ans.<\/p>\n<p>\u00ab Ce n&rsquo;est pas nouveau. \u00c0 mon avis, nous sommes confront\u00e9s \u00e0 une guerre hybride depuis au moins dix ans. Nous sommes confront\u00e9s \u00e0 des d\u00e9fis tout au long de la fronti\u00e8re orientale de l&rsquo;Union europ\u00e9enne ; il n&rsquo;est donc pas surprenant que nous devions \u00eatre pr\u00e9par\u00e9s et \u00e9quip\u00e9s pour dissuader la Russie d&rsquo;envisager une attaque contre l&rsquo;Europe. Pour l&rsquo;instant, mon message est de garder son calme, car nous sommes bien plus forts \u00e9conomiquement que la Russie et, si nous nous pr\u00e9parons correctement, cette menace n&rsquo;existe pas. \u00bb<\/p>\n<p>Ses propos interviennent alors que le chef d&rsquo;\u00e9tat-major des arm\u00e9es fran\u00e7aises, le g\u00e9n\u00e9ral Fabien Mandon, avertit que la France doit se pr\u00e9parer \u00e0 un choc dans les trois \u00e0 quatre prochaines ann\u00e9es face \u00e0 une \u00e9ventuelle confrontation avec la Russie. Il a justifi\u00e9 les efforts de r\u00e9armement de Paris par cette d\u00e9claration, affirmant que la situation \u00ab se fissure partout \u00bb, de l&rsquo;Europe au Moyen-Orient.<\/p>\n<p>\u00ab Le mur anti-drones \u00bb<\/p>\n<p>Deux autres sujets abord\u00e9s jeudi par les dirigeants europ\u00e9ens sont le \u00ab mur anti-drones \u00bb et le 19e paquet de sanctions contre la Russie. \u00ab La Commission a publi\u00e9 ce plan d&rsquo;action le 16 octobre, appel\u00e9 \u00ab mur anti-drones \u00bb, qui est assorti de d\u00e9lais de mise en \u0153uvre. Nous sommes confront\u00e9s \u00e0 une guerre hybride pendant au moins dix ans, \u00e0 mon avis, et \u00e0 des d\u00e9fis sur toute la fronti\u00e8re orientale de l&rsquo;UE ; nous devons nous \u00e9quiper pour dissuader la Russie. (\u2026) Chaque paquet de sanctions a eu des r\u00e9percussions \u00e9conomiques sur la Russie. Le 19e paquet sera probablement adopt\u00e9. C&rsquo;est une bonne chose \u00bb, a ajout\u00e9 Nicu\u0219or Dan.<\/p>\n<p>Adh\u00e9sion de la R\u00e9publique de Moldavie \u00e0 l&rsquo;UE<\/p>\n<p>Par ailleurs, l&rsquo;un des sujets \u00e0 l&rsquo;ordre du jour est le lancement du processus d&rsquo;adh\u00e9sion de la R\u00e9publique de Moldavie \u00e0 l&rsquo;Union europ\u00e9enne. \u00ab Nous discuterons de la Moldavie et du processus d&rsquo;adh\u00e9sion \u00e0 l&rsquo;UE, du couplage avec l&rsquo;Ukraine et de la mani\u00e8re dont nous pouvons utiliser ces ann\u00e9es pour l&rsquo;adh\u00e9sion de la Moldavie \u00e0 l&rsquo;Union europ\u00e9enne. Il s&rsquo;agit de lancer le processus formel d&rsquo;adh\u00e9sion de la Moldavie \u00e0 l&rsquo;UE ; nous verrons comment cela se concr\u00e9tisera techniquement \u00bb, a expliqu\u00e9 le chef de l&rsquo;\u00c9tat.<\/p>\n<p>Mercredi, Nicu\u015for Dan a particip\u00e9 au d\u00eener de travail organis\u00e9 par le pr\u00e9sident du Conseil europ\u00e9en, Antonio Costa, avec le pr\u00e9sident \u00e9gyptien, Abdel Fattah El-Sisi, en marge du sommet institutionnel UE-\u00c9gypte. Le sommet de la zone euro se tiendra \u00e9galement \u00e0 Bruxelles en format \u00e9largi, o\u00f9 la situation \u00e9conomique de l&rsquo;Union europ\u00e9enne sera abord\u00e9e, l&rsquo;Union \u00e9conomique et mon\u00e9taire et l&rsquo;euro num\u00e9rique \u00e9tant au c\u0153ur des discussions.<\/p>\n<p class=\"p-empty\">\u00a0<\/p>\n<p>Source : <a href=\"https:\/\/www.romaniajournal.ro\/politics\/nicusor-dan-in-brussels-moldovas-eu-bid-and-drone-defense-talks\/\" target=\"_blank\" rel=\"nofollow noopener\">Romania Journal.ro<\/a><\/p>\n","protected":false},"excerpt":{"rendered":"\u00a0 Interrog\u00e9 sur l&rsquo;\u00e9ventuel gel des avoirs russes, le pr\u00e9sident Nicu\u015for Dan a expliqu\u00e9 que le sujet \u00e9tait&hellip;\n","protected":false},"author":2,"featured_media":485400,"comment_status":"","ping_status":"","sticky":false,"template":"","format":"standard","meta":{"footnotes":""},"categories":[1586],"tags":[11,1777,674,1779,1011,27,12,25,1778,364],"class_list":{"0":"post-485399","1":"post","2":"type-post","3":"status-publish","4":"format-standard","5":"has-post-thumbnail","7":"category-europe","8":"tag-actualites","9":"tag-eu","10":"tag-europe","11":"tag-european-union","12":"tag-fr","13":"tag-france","14":"tag-news","15":"tag-republique-francaise","16":"tag-ue","17":"tag-union-europeenne"},"share_on_mastodon":{"url":"https:\/\/pubeurope.com\/@fr\/115425942128014134","error":""},"_links":{"self":[{"href":"https:\/\/www.europesays.com\/fr\/wp-json\/wp\/v2\/posts\/485399","targetHints":{"allow":["GET"]}}],"collection":[{"href":"https:\/\/www.europesays.com\/fr\/wp-json\/wp\/v2\/posts"}],"about":[{"href":"https:\/\/www.europesays.com\/fr\/wp-json\/wp\/v2\/types\/post"}],"author":[{"embeddable":true,"href":"https:\/\/www.europesays.com\/fr\/wp-json\/wp\/v2\/users\/2"}],"replies":[{"embeddable":true,"href":"https:\/\/www.europesays.com\/fr\/wp-json\/wp\/v2\/comments?post=485399"}],"version-history":[{"count":0,"href":"https:\/\/www.europesays.com\/fr\/wp-json\/wp\/v2\/posts\/485399\/revisions"}],"wp:featuredmedia":[{"embeddable":true,"href":"https:\/\/www.europesays.com\/fr\/wp-json\/wp\/v2\/media\/485400"}],"wp:attachment":[{"href":"https:\/\/www.europesays.com\/fr\/wp-json\/wp\/v2\/media?parent=485399"}],"wp:term":[{"taxonomy":"category","embeddable":true,"href":"https:\/\/www.europesays.com\/fr\/wp-json\/wp\/v2\/categories?post=485399"},{"taxonomy":"post_tag","embeddable":true,"href":"https:\/\/www.europesays.com\/fr\/wp-json\/wp\/v2\/tags?post=485399"}],"curies":[{"name":"wp","href":"https:\/\/api.w.org\/{rel}","templated":true}]}}