{"id":485412,"date":"2025-10-23T23:02:10","date_gmt":"2025-10-23T23:02:10","guid":{"rendered":"https:\/\/www.europesays.com\/fr\/485412\/"},"modified":"2025-10-23T23:02:10","modified_gmt":"2025-10-23T23:02:10","slug":"jessaie-devoluer-de-mieux-manalyser-pour-trouver-des-solutions","status":"publish","type":"post","link":"https:\/\/www.europesays.com\/fr\/485412\/","title":{"rendered":"\u00ab J\u2019essaie d\u2019\u00e9voluer, de mieux m\u2019analyser pour trouver des solutions \u00bb"},"content":{"rendered":"<p>&#13;<\/p>\n<p><strong>Le Fran\u00e7ais arrive \u00e0 Sepang apr\u00e8s une s\u00e9rie de courses compliqu\u00e9es. Entre manque de confiance et difficult\u00e9s techniques, il veut revoir son approche pour retrouver un meilleur feeling avec sa Honda.<\/strong><\/p>\n<p>Johann Zarco d\u00e9barque en Malaisie apr\u00e8s un week-end compliqu\u00e9 en Australie, marqu\u00e9 par une chute en course. Le Fran\u00e7ais, engag\u00e9 dans une p\u00e9riode d\u00e9licate avec Honda, garde malgr\u00e9 tout l\u2019envie de trouver des solutions. \u00ab \u00c7a va bien, j\u2019ai bien r\u00e9cup\u00e9r\u00e9, a-t-il confi\u00e9 jeudi \u00e0 Sepang. L\u2019Australie m\u2019a co\u00fbt\u00e9 peu d\u2019\u00e9nergie parce que je n\u2019ai pas fait toute la course. Mais on ne va pas pouvoir avoir deux motos identiques ce week-end, donc on reste un peu limit\u00e9 vendredi. L\u2019encha\u00eenement des courses n\u2019aide pas non plus : je r\u00e9p\u00e8te beaucoup de mauvaises sensations, et je pars plus avec la crainte de revivre \u00e7a qu\u2019avec le plaisir de me dire que ma moto est g\u00e9niale. \u00bb<\/p>\n<p>Le Fran\u00e7ais travaille sur son approche, convaincu que ses retours techniques doivent \u00e9voluer : \u00ab J\u2019ai souvent voulu une moto qui tourne, mais j\u2019ai oubli\u00e9 que la stabilit\u00e9 est essentielle. Avec la puissance d\u2019une MotoGP, c\u2019est trop difficile pour le pilote de compenser un manque de stabilit\u00e9. Je vais peut-\u00eatre aller vers ce c\u00f4t\u00e9 plus stable, quitte \u00e0 m\u2019adapter diff\u00e9remment dans les virages. \u00bb<\/p>\n<p>Conscient d\u2019avoir souvent commenc\u00e9 fort le vendredi avant de d\u00e9cliner le dimanche, Zarco veut inverser la tendance : \u00ab J\u2019essaie d\u2019\u00e9voluer moi-m\u00eame, de mieux m\u2019analyser pour trouver des solutions. Si je termine mal les courses, c\u2019est qu\u2019il y a quelque chose que je rate. Je ne sais pas encore quoi, mais je teste des techniques diff\u00e9rentes pour \u00e9viter de passer \u00e0 c\u00f4t\u00e9. \u00bb<\/p>\n<p>&#13;<br \/>\n           &#13;<br \/>\n&#13;<br \/>\n    &#13;<br \/>\n    &#13;<\/p>\n","protected":false},"excerpt":{"rendered":"&#13; Le Fran\u00e7ais arrive \u00e0 Sepang apr\u00e8s une s\u00e9rie de courses compliqu\u00e9es. Entre manque de confiance et difficult\u00e9s&hellip;\n","protected":false},"author":2,"featured_media":485413,"comment_status":"","ping_status":"","sticky":false,"template":"","format":"standard","meta":{"footnotes":""},"categories":[1413],"tags":[1011,27,1457,1456,60],"class_list":{"0":"post-485412","1":"post","2":"type-post","3":"status-publish","4":"format-standard","5":"has-post-thumbnail","7":"category-moto","8":"tag-fr","9":"tag-france","10":"tag-moto","11":"tag-motocycle","12":"tag-sports"},"share_on_mastodon":{"url":"https:\/\/pubeurope.com\/@fr\/115425977591899021","error":""},"_links":{"self":[{"href":"https:\/\/www.europesays.com\/fr\/wp-json\/wp\/v2\/posts\/485412","targetHints":{"allow":["GET"]}}],"collection":[{"href":"https:\/\/www.europesays.com\/fr\/wp-json\/wp\/v2\/posts"}],"about":[{"href":"https:\/\/www.europesays.com\/fr\/wp-json\/wp\/v2\/types\/post"}],"author":[{"embeddable":true,"href":"https:\/\/www.europesays.com\/fr\/wp-json\/wp\/v2\/users\/2"}],"replies":[{"embeddable":true,"href":"https:\/\/www.europesays.com\/fr\/wp-json\/wp\/v2\/comments?post=485412"}],"version-history":[{"count":0,"href":"https:\/\/www.europesays.com\/fr\/wp-json\/wp\/v2\/posts\/485412\/revisions"}],"wp:featuredmedia":[{"embeddable":true,"href":"https:\/\/www.europesays.com\/fr\/wp-json\/wp\/v2\/media\/485413"}],"wp:attachment":[{"href":"https:\/\/www.europesays.com\/fr\/wp-json\/wp\/v2\/media?parent=485412"}],"wp:term":[{"taxonomy":"category","embeddable":true,"href":"https:\/\/www.europesays.com\/fr\/wp-json\/wp\/v2\/categories?post=485412"},{"taxonomy":"post_tag","embeddable":true,"href":"https:\/\/www.europesays.com\/fr\/wp-json\/wp\/v2\/tags?post=485412"}],"curies":[{"name":"wp","href":"https:\/\/api.w.org\/{rel}","templated":true}]}}