{"id":485414,"date":"2025-10-23T23:03:12","date_gmt":"2025-10-23T23:03:12","guid":{"rendered":"https:\/\/www.europesays.com\/fr\/485414\/"},"modified":"2025-10-23T23:03:12","modified_gmt":"2025-10-23T23:03:12","slug":"red-bull-ou-racing-bulls-en-2026-hadjar-se-dit-agace-par-les-speculations","status":"publish","type":"post","link":"https:\/\/www.europesays.com\/fr\/485414\/","title":{"rendered":"Red Bull ou Racing Bulls en 2026 ? Hadjar se dit &lsquo;agac\u00e9&rsquo; par les sp\u00e9culations"},"content":{"rendered":"<p class=\"mt-5\">Isack Hadjar admet que les sp\u00e9culations autour de son avenir en Formule 1 sont devenues \u00ab\u00a0aga\u00e7antes\u00a0\u00bb mais il se dit \u00e9galement pr\u00eat \u00e0 attendre la fin de l\u2019ann\u00e9e pour savoir pour laquelle des deux \u00e9quipes de Red Bull il courra en 2026.<\/p>\n<p class=\"mt-5\">Helmut Marko, conseiller chez Red Bull, a d\u00e9clar\u00e9 \u00e0 plusieurs reprises r\u00e9cemment que la d\u00e9cision concernant la composition des deux \u00e9quipes pour la saison prochaine serait prise apr\u00e8s le Grand Prix de Mexico ce week-end.<\/p>\n<p class=\"mt-5\">Gr\u00e2ce \u00e0 son impressionnante saison chez Racing Bulls, Hadjar est devenu le favori pour devenir le co\u00e9quipier de Max Verstappen chez Red Bull Racing, le seul autre candidat \u00e9tant l\u2019actuel titulaire Yuki Tsunoda.<\/p>\n<p class=\"mt-5\">Hadjar affirme \u00e0 Mexico \u00ab\u00a0savoir qu\u2019il sera en Formule 1 l\u2019ann\u00e9e prochaine\u00a0\u00bb, mais, face \u00e0 une nouvelle s\u00e9rie de questions sur ce qu\u2019il sait ce jeudi au Mexique, alors que la d\u00e9cision semble imminente, le Fran\u00e7ais a d\u00e9clar\u00e9 qu\u2019il commen\u00e7ait \u00e0 se lasser de ces sp\u00e9culations.<\/p>\n<p class=\"mt-5\">\u00ab\u00a0En fait, j\u2019aimerais savoir \u00e0 la fin de l\u2019ann\u00e9e, car tout ce bruit est plus aga\u00e7ant qu\u2019autre chose,\u00a0\u00bb d\u00e9clare Hadjar.<\/p>\n<p class=\"mt-5\">\u00ab\u00a0Il reste donc cinq courses pour continuer \u00e0 pousser.\u00a0\u00bb<\/p>\n<p class=\"mt-5\">\u00ab\u00a0Dans un monde id\u00e9al, j\u2019aimerais que tout le monde attende la fin de l\u2019ann\u00e9e pour me poser des questions.\u00a0\u00bb<\/p>\n<p class=\"mt-5\">\u00ab\u00a0Il y a 12 mois, c\u2019\u00e9tait un peu incertain, c\u2019est vrai. J\u2019avais une id\u00e9e, mais il est vrai que cette ann\u00e9e, je suis dans une meilleure position. Je sais que je serai en Formule 1 l\u2019ann\u00e9e prochaine.\u00a0\u00bb<\/p>\n<p class=\"mt-5\">\u00ab\u00a0L\u2019ann\u00e9e derni\u00e8re, je ne savais pas ce que je faisais. Donc oui, je suis beaucoup moins paniqu\u00e9.\u00a0\u00bb<\/p>\n<p class=\"mt-5\">Concernant le fait qu\u2019il pourrait y avoir une d\u00e9cision apr\u00e8s le Mexique, Hadjar a d\u00e9clar\u00e9\u00a0: \u00ab\u00a0S\u2019il y a encore un week-end pour faire la diff\u00e9rence, je dois \u00eatre performant\u00a0!\u00a0\u00bb<\/p>\n<p class=\"mt-5\">\u00ab\u00a0Je n\u2019ai aucun regret cette ann\u00e9e sur ce que j\u2019ai fait. Je ne pense pas qu\u2019un week-end changera la donne, sauf si je finis sur le podium ou que je gagne la course\u00a0!\u00a0\u00bb<\/p>\n<p class=\"mt-5\">\u00ab\u00a0Je suis satisfait de ma saison. Je vais continuer \u00e0 me battre.\u00a0\u00bb<\/p>\n<p class=\"mt-5\">Concernant le fait de rouler chez Red Bull Racing pour les derni\u00e8res courses de la saison, \u00ab\u00a0c\u2019est devenu tellement improbable.\u00a0\u00bb<\/p>\n<p class=\"mt-5\">\u00ab\u00a0Cela signifierait que je n\u2019aurais plus que deux courses avec l\u2019\u00e9quipe, et \u00e7a n\u2019arrivera tout simplement pas. Je suis \u00e9galement tr\u00e8s heureux avec l\u2019\u00e9quipe dans laquelle je suis actuellement. Pour eux, je dois aussi ramener la sixi\u00e8me place au championnat \u00e0 la maison.\u00a0\u00bb<\/p>\n","protected":false},"excerpt":{"rendered":"Isack Hadjar admet que les sp\u00e9culations autour de son avenir en Formule 1 sont devenues \u00ab\u00a0aga\u00e7antes\u00a0\u00bb mais il&hellip;\n","protected":false},"author":2,"featured_media":485415,"comment_status":"","ping_status":"","sticky":false,"template":"","format":"standard","meta":{"footnotes":""},"categories":[1412],"tags":[1451,1452,1453,1454,1455,1011,27,60],"class_list":{"0":"post-485414","1":"post","2":"type-post","3":"status-publish","4":"format-standard","5":"has-post-thumbnail","7":"category-f1","8":"tag-f1","9":"tag-formula-1","10":"tag-formula1","11":"tag-formule-1","12":"tag-formule1","13":"tag-fr","14":"tag-france","15":"tag-sports"},"share_on_mastodon":{"url":"https:\/\/pubeurope.com\/@fr\/115425981525057054","error":""},"_links":{"self":[{"href":"https:\/\/www.europesays.com\/fr\/wp-json\/wp\/v2\/posts\/485414","targetHints":{"allow":["GET"]}}],"collection":[{"href":"https:\/\/www.europesays.com\/fr\/wp-json\/wp\/v2\/posts"}],"about":[{"href":"https:\/\/www.europesays.com\/fr\/wp-json\/wp\/v2\/types\/post"}],"author":[{"embeddable":true,"href":"https:\/\/www.europesays.com\/fr\/wp-json\/wp\/v2\/users\/2"}],"replies":[{"embeddable":true,"href":"https:\/\/www.europesays.com\/fr\/wp-json\/wp\/v2\/comments?post=485414"}],"version-history":[{"count":0,"href":"https:\/\/www.europesays.com\/fr\/wp-json\/wp\/v2\/posts\/485414\/revisions"}],"wp:featuredmedia":[{"embeddable":true,"href":"https:\/\/www.europesays.com\/fr\/wp-json\/wp\/v2\/media\/485415"}],"wp:attachment":[{"href":"https:\/\/www.europesays.com\/fr\/wp-json\/wp\/v2\/media?parent=485414"}],"wp:term":[{"taxonomy":"category","embeddable":true,"href":"https:\/\/www.europesays.com\/fr\/wp-json\/wp\/v2\/categories?post=485414"},{"taxonomy":"post_tag","embeddable":true,"href":"https:\/\/www.europesays.com\/fr\/wp-json\/wp\/v2\/tags?post=485414"}],"curies":[{"name":"wp","href":"https:\/\/api.w.org\/{rel}","templated":true}]}}