{"id":485416,"date":"2025-10-23T23:04:18","date_gmt":"2025-10-23T23:04:18","guid":{"rendered":"https:\/\/www.europesays.com\/fr\/485416\/"},"modified":"2025-10-23T23:04:18","modified_gmt":"2025-10-23T23:04:18","slug":"swann-gloux-dans-une-conti-federale-actualite","status":"publish","type":"post","link":"https:\/\/www.europesays.com\/fr\/485416\/","title":{"rendered":"Swann Gloux dans une Conti F\u00e9d\u00e9rale &#8211; Actualit\u00e9"},"content":{"rendered":"<p style=\"text-align: justify;\">Apr\u00e8s l&rsquo;arr\u00eat de l&rsquo;\u00e9quipe Ark\u00e9a-B&amp;B H\u00f4tels,\u00a0Swann Gloux\u00a0a d\u00fb trouver une nouvelle \u00e9quipe en 2026. Le coureur de\u00a022 ans va ainsi passer de la Conti bretonne \u00e0 la Conti F\u00e9d\u00e9rale normande du VC Rouen 76.<\/p>\n<p><strong><a href=\"https:\/\/www.directvelo.com\/coureur\/39845\/swann-gloux\" target=\"_blank\" rel=\"noopener\">Swann Gloux<\/a><\/strong>, bient\u00f4t 22 ans, a remport\u00e9 cette ann\u00e9e une manche du Challenge Mayennais, \u00e0 Saint-Germain-d&rsquo;Anxure, en Elite Nationale.\u00a0\u00c0 ce niveau-l\u00e0, il a aussi fini 7e du Tour d&rsquo;Eure-et-Loir et 12e du Grand Prix de la Saint-Laurent.<\/p>\n<p>Auparavant le Breton portait les couleurs de Cre&rsquo;Actuel-Marie Morin-U 22. Chez les amateurs, il a notamment remport\u00e9 Manche-Oc\u00e9an 2023, et termin\u00e9 2e du Tour du P\u00e9rigord cette m\u00eame ann\u00e9e, alors manche de Coupe de France N1. Il s&rsquo;est \u00e9galement impos\u00e9 sur une \u00e9tape du Circuit du Men\u00e9, en 2024.<\/p>\n<p>Retrouvez toutes les mutations du peloton amateur <strong><a href=\"https:\/\/www.directvelo.com\/mutations\/2026\" target=\"_blank\" rel=\"noopener\">en cliquant ici<\/a><\/strong>.<\/p>\n","protected":false},"excerpt":{"rendered":"Apr\u00e8s l&rsquo;arr\u00eat de l&rsquo;\u00e9quipe Ark\u00e9a-B&amp;B H\u00f4tels,\u00a0Swann Gloux\u00a0a d\u00fb trouver une nouvelle \u00e9quipe en 2026. Le coureur de\u00a022 ans&hellip;\n","protected":false},"author":2,"featured_media":485417,"comment_status":"","ping_status":"","sticky":false,"template":"","format":"standard","meta":{"footnotes":""},"categories":[1411],"tags":[834,828,836,829,837,827,83,826,824,823,1154,207,814,817,815,816,822,821,832,211,839,1011,27,820,818,819,835,831,830,833,838,60,212,208,825],"class_list":{"0":"post-485416","1":"post","2":"type-post","3":"status-publish","4":"format-standard","5":"has-post-thumbnail","7":"category-cyclisme","8":"tag-attaque","9":"tag-belgique","10":"tag-braquet","11":"tag-bretagne","12":"tag-chute","13":"tag-competition","14":"tag-coupe-de-france","15":"tag-coureur","16":"tag-course-cyclisme","17":"tag-course-cycliste","18":"tag-cycling","19":"tag-cyclisme","20":"tag-direct","21":"tag-direct-velo","22":"tag-directvelo","23":"tag-directvelo-com","24":"tag-epreuve","25":"tag-epreuve-cycliste","26":"tag-federation-francaise-de-cyclisme","27":"tag-ffc","28":"tag-flandres","29":"tag-fr","30":"tag-france","31":"tag-live","32":"tag-live-course","33":"tag-live-epreuve","34":"tag-peloton","35":"tag-radio-peloton","36":"tag-radio-tour","37":"tag-ravitaillement","38":"tag-relance","39":"tag-sports","40":"tag-uci","41":"tag-velo","42":"tag-velos"},"share_on_mastodon":{"url":"https:\/\/pubeurope.com\/@fr\/115425985558437956","error":""},"_links":{"self":[{"href":"https:\/\/www.europesays.com\/fr\/wp-json\/wp\/v2\/posts\/485416","targetHints":{"allow":["GET"]}}],"collection":[{"href":"https:\/\/www.europesays.com\/fr\/wp-json\/wp\/v2\/posts"}],"about":[{"href":"https:\/\/www.europesays.com\/fr\/wp-json\/wp\/v2\/types\/post"}],"author":[{"embeddable":true,"href":"https:\/\/www.europesays.com\/fr\/wp-json\/wp\/v2\/users\/2"}],"replies":[{"embeddable":true,"href":"https:\/\/www.europesays.com\/fr\/wp-json\/wp\/v2\/comments?post=485416"}],"version-history":[{"count":0,"href":"https:\/\/www.europesays.com\/fr\/wp-json\/wp\/v2\/posts\/485416\/revisions"}],"wp:featuredmedia":[{"embeddable":true,"href":"https:\/\/www.europesays.com\/fr\/wp-json\/wp\/v2\/media\/485417"}],"wp:attachment":[{"href":"https:\/\/www.europesays.com\/fr\/wp-json\/wp\/v2\/media?parent=485416"}],"wp:term":[{"taxonomy":"category","embeddable":true,"href":"https:\/\/www.europesays.com\/fr\/wp-json\/wp\/v2\/categories?post=485416"},{"taxonomy":"post_tag","embeddable":true,"href":"https:\/\/www.europesays.com\/fr\/wp-json\/wp\/v2\/tags?post=485416"}],"curies":[{"name":"wp","href":"https:\/\/api.w.org\/{rel}","templated":true}]}}