{"id":485419,"date":"2025-10-23T23:06:15","date_gmt":"2025-10-23T23:06:15","guid":{"rendered":"https:\/\/www.europesays.com\/fr\/485419\/"},"modified":"2025-10-23T23:06:15","modified_gmt":"2025-10-23T23:06:15","slug":"je-netais-pas-du-tout-la-meme-personne-benjamin-biolay-explique-comment-la-naissance-sa-fille-ainee-a-transforme-sa-vie","status":"publish","type":"post","link":"https:\/\/www.europesays.com\/fr\/485419\/","title":{"rendered":"\u00ab\u00a0Je n&rsquo;\u00e9tais pas du tout la m\u00eame personne\u00a0\u00bb : Benjamin Biolay explique comment la naissance sa fille a\u00een\u00e9e a transform\u00e9 sa vie"},"content":{"rendered":"<p>            <img loading=\"lazy\" decoding=\"async\" src=\"https:\/\/www.europesays.com\/fr\/wp-content\/uploads\/2025\/04\/144-64f8c016610ee-35x35-1.jpg\" class=\"author-article-picture\" width=\"35\" height=\"35\"\/><\/p>\n<p>                Par<br \/>\n                                    <a class=\"author-article-bio-link\" href=\"https:\/\/www.purepeople.com\/auteur\/louise-martin_a144\" rel=\"nofollow noopener\" target=\"_blank\">Louise Martin<\/a><br \/>\n                                                    | R\u00e9dactrice<\/p>\n<p>\n                Koh Lanta, Les Marseillais mais aussi Mari\u00e9s au Premier regards\u2026 Louise Martin est une t\u00e9l\u00e9vore qui essaye, \u00e0 ses heures perdues, de refaire les g\u00e2teaux qu\u2019elle admire devant le Meilleur P\u00e2tissier\u2026 mais elle ne risque pas de gagner le tablier bleu ! Les r\u00e9seaux sociaux n\u2019ont pas de secret pour elle, les derniers scoops, les derni\u00e8res \u00e9missions, elle les conna\u00eet tous.\n            <\/p>\n<p>\n    Menant avec succ\u00e8s une double carri\u00e8re au cin\u00e9ma et dans la musique, Benjamin Biolay est \u00e9galement le p\u00e8re de deux filles, dont l&rsquo;une vit actuellement en Argentine. Lors d&rsquo;une interview accord\u00e9e au m\u00e9dia \u00ab\u00a0On Time\u00a0\u00bb sur Instagram le mercredi 22 octobre 2025, la chanteur s&rsquo;est confi\u00e9 sur son \u00e9volution apr\u00e8s la naissance son premier enfant en 2003.\n<\/p>\n<p>                            <img loading=\"lazy\" decoding=\"async\" class=\"player-thumbnail\" src=\"https:\/\/www.europesays.com\/fr\/wp-content\/uploads\/2025\/10\/625969f8f014eb17-580x326-1.jpg\" width=\"580\" height=\"326\"\/><\/p>\n<p>                    \u00ab\u00a0Je n&rsquo;\u00e9tais pas du tout la m\u00eame personne\u00a0\u00bb : Benjamin Biolay d\u00e9voile comment la naissance sa fille a\u00een\u00e9e a transform\u00e9 sa vie<\/p>\n<p>La suite apr\u00e8s la publicit\u00e9<\/p>\n<p>Actuellement en pleine tourn\u00e9e de promotion pour la sortie de son nouvel album, baptis\u00e9 Le Disque bleu, <a href=\"https:\/\/www.purepeople.com\/people\/benjamin-biolay_p324\" rel=\"nofollow noopener\" target=\"_blank\">Benjamin Biolay<\/a> a accord\u00e9 une interview au m\u00e9dia On time le mercredi 22 octobre 2025 sur Instagram. Au cours de cet entretien, <strong>le musicien a \u00e9t\u00e9 interrog\u00e9 sur sa paternit\u00e9<\/strong>. Pour rappel, celui qui poursuit \u00e9galement une carri\u00e8re d&rsquo;acteur au cin\u00e9ma est le p\u00e8re de <a href=\"https:\/\/www.purepeople.com\/article\/peu-de-quotidien-avec-elle-pourquoi-benjamin-biolay-ne-voit-pas-beaucoup-sa-fille-louisa-agee-de-6-ans_a543692\/1\" rel=\"nofollow noopener\" target=\"_blank\">deux filles<\/a>. La premi\u00e8re, pr\u00e9nomm\u00e9e <a href=\"https:\/\/www.purepeople.com\/article\/serie-nudes-anna-biolay-et-une-autre-fille-de-brillent-avec-des-jeunes-talents-nombreux_a519190\/1\" rel=\"nofollow noopener\" target=\"_blank\">Anna Biolay <\/a>(22 ans), est issue de sa relation avec la com\u00e9dienne <a href=\"https:\/\/www.purepeople.com\/people\/chiara-mastroianni_p356\" rel=\"nofollow noopener\" target=\"_blank\">Chiara Mastroianni<\/a>, qui n&rsquo;est autre que la fille de la l\u00e9gendaire actrice fran\u00e7aise <a href=\"https:\/\/www.purepeople.com\/people\/catherine-deneuve_p508\" rel=\"nofollow noopener\" target=\"_blank\">Catherine Deneuve<\/a>. En revanche, peu d&rsquo;informations ont \u00e9t\u00e9 d\u00e9voil\u00e9es concernant <a href=\"https:\/\/www.purepeople.com\/article\/benjamin-biolay-pret-a-briser-l-un-de-ses-principes-pour-retrouver-louise-sa-fille-longtemps-cachee_a521592\/1\" rel=\"nofollow noopener\" target=\"_blank\">sa seconde fille Louisa<\/a> (6 ans), <strong>qui vit actuellement en Argentine<\/strong>. \u00ab\u00a0Qu&rsquo;est-ce que \u00e7a a chang\u00e9 pour vous ?\u00a0\u00bb, a ainsi voulu savoir le journaliste qui menait l&rsquo;interview de Benjamin Biolay.<\/p>\n<p>\u00ab\u00a0Tout, alors vraiment tout. Franchement,<strong> il y a ma vie d&rsquo;avant la naissance de mon premier enfant et la vie d&rsquo;apr\u00e8s.<\/strong> Elle est n\u00e9e le 22 avril 2003. Le 21 avril 2003, je n&rsquo;\u00e9tais pas du tout la m\u00eame personne. J&rsquo;ai l&rsquo;impression de tout voir diff\u00e9remment. De ne plus avoir le droit de me suicider. Quand on est jeune, tout va mal. Souvent, tu te dis, bon, de toute fa\u00e7on, je m&rsquo;en tirerai une (balle, ndlr). Et puis, \u00e7a arrive, de toute fa\u00e7on. C&rsquo;est la nature humaine des gens tortur\u00e9s. L\u00e0, quand on a un enfant&#8230;\u00a0\u00bb, a premi\u00e8rement soulign\u00e9 le musicien. \u00ab\u00a0Moi, je connais tellement de gens qui ont perdu leurs parents jeunes, et qui souffrent tellement de \u00e7a, que voil\u00e0&#8230; <strong>C&rsquo;est impossible d&rsquo;imposer \u00e7a volontairement \u00e0 ses enfants<\/strong>. Il y a aussi des trucs plus joyeux. Mais c&rsquo;est un des trucs que je me suis dit tr\u00e8s vite\u00a0\u00bb, a ensuite ajout\u00e9 Benjamin Biolay.<\/p>\n<p>Benjamin Biolay : sa fille a\u00een\u00e9e s&rsquo;est r\u00e9cemment lanc\u00e9e dans une carri\u00e8re de com\u00e9dienne au cin\u00e9ma<\/p>\n<p>\u00ab\u00a0<strong>Il faut aussi faire gaffe \u00e0 \u00eatre en bonne sant\u00e9 pour tenir le coup<\/strong>, parce que les gens vivent pour que les enfants puissent profiter de ce qu&rsquo;il y a \u00e0 profiter\u00a0\u00bb, a par ailleurs pr\u00e9cis\u00e9 le com\u00e9dien. \u00ab\u00a0Mais quand on a une vie qui va mille \u00e0 l&rsquo;heure comme \u00e7a, comment on fait pour \u00eatre un p\u00e8re qui est disponible ?\u00a0\u00bb, lui a alors demand\u00e9 son interlocuteur. \u00ab\u00a0Ah, faut l&rsquo;organiser. Il y a des moments o\u00f9 on fait souffrir nos enfants par l&rsquo;absence, bien s\u00fbr. On a toujours l&rsquo;impression de faire \u00e7a pour la famille. En vrai, <strong>il y a une grande part \u00e0 l&rsquo;\u00e9go\u00efste,<\/strong> il faut l&rsquo;accepter\u00a0\u00bb, a finalement conclu Benjamin Biolay. Pour rappel, sa fille a\u00een\u00e9e Anna Biolay \u00e0 suivi les traces de ses deux parents en se lan\u00e7ant elle aussi dans une carri\u00e8re d&rsquo;actrice.<\/p>\n","protected":false},"excerpt":{"rendered":"Par Louise Martin | R\u00e9dactrice Koh Lanta, Les Marseillais mais aussi Mari\u00e9s au Premier regards\u2026 Louise Martin est&hellip;\n","protected":false},"author":2,"featured_media":485420,"comment_status":"","ping_status":"","sticky":false,"template":"","format":"standard","meta":{"footnotes":""},"categories":[1359],"tags":[58,59,1011,27,973],"class_list":{"0":"post-485419","1":"post","2":"type-post","3":"status-publish","4":"format-standard","5":"has-post-thumbnail","7":"category-people","8":"tag-divertissement","9":"tag-entertainment","10":"tag-fr","11":"tag-france","12":"tag-people"},"share_on_mastodon":{"url":"https:\/\/pubeurope.com\/@fr\/115425994424977244","error":""},"_links":{"self":[{"href":"https:\/\/www.europesays.com\/fr\/wp-json\/wp\/v2\/posts\/485419","targetHints":{"allow":["GET"]}}],"collection":[{"href":"https:\/\/www.europesays.com\/fr\/wp-json\/wp\/v2\/posts"}],"about":[{"href":"https:\/\/www.europesays.com\/fr\/wp-json\/wp\/v2\/types\/post"}],"author":[{"embeddable":true,"href":"https:\/\/www.europesays.com\/fr\/wp-json\/wp\/v2\/users\/2"}],"replies":[{"embeddable":true,"href":"https:\/\/www.europesays.com\/fr\/wp-json\/wp\/v2\/comments?post=485419"}],"version-history":[{"count":0,"href":"https:\/\/www.europesays.com\/fr\/wp-json\/wp\/v2\/posts\/485419\/revisions"}],"wp:featuredmedia":[{"embeddable":true,"href":"https:\/\/www.europesays.com\/fr\/wp-json\/wp\/v2\/media\/485420"}],"wp:attachment":[{"href":"https:\/\/www.europesays.com\/fr\/wp-json\/wp\/v2\/media?parent=485419"}],"wp:term":[{"taxonomy":"category","embeddable":true,"href":"https:\/\/www.europesays.com\/fr\/wp-json\/wp\/v2\/categories?post=485419"},{"taxonomy":"post_tag","embeddable":true,"href":"https:\/\/www.europesays.com\/fr\/wp-json\/wp\/v2\/tags?post=485419"}],"curies":[{"name":"wp","href":"https:\/\/api.w.org\/{rel}","templated":true}]}}