{"id":485421,"date":"2025-10-23T23:07:23","date_gmt":"2025-10-23T23:07:23","guid":{"rendered":"https:\/\/www.europesays.com\/fr\/485421\/"},"modified":"2025-10-23T23:07:23","modified_gmt":"2025-10-23T23:07:23","slug":"lappartement-artistique-dune-galeriste-renommee-a-berlin","status":"publish","type":"post","link":"https:\/\/www.europesays.com\/fr\/485421\/","title":{"rendered":"L\u2019appartement artistique d\u2019une galeriste renomm\u00e9e \u00e0 Berlin"},"content":{"rendered":"<p><strong>L\u2019art comme mode de vie : la galeriste Anahita Sadighi nous ouvre les portes de son appartement \u00e0 Berlin.<\/strong><\/p>\n<p>Il n\u2019est pas exag\u00e9r\u00e9 de dire qu\u2019Anahita Sadighi s\u2019est impos\u00e9e comme l\u2019une des <a href=\"https:\/\/www.admagazine.fr\/article\/appartement-galeriste-parisien\" rel=\"nofollow noopener\" target=\"_blank\">galeristes<\/a> les plus influentes du panorama europ\u00e9en. \u00c0 33 ans, elle dirige deux espaces \u00e0 Berlin o\u00f9 elle parvient \u00e0 conjuguer avec brio l\u2019art asiatique ancien et les propositions contemporaines, toujours dans le but de donner de la visibilit\u00e9 \u00e0 des th\u00e8mes et des voix historiquement sous-repr\u00e9sent\u00e9s dans le monde de l\u2019art. Nous avons visit\u00e9 l\u2019appartement de 98 m\u00e8tres carr\u00e9s qu\u2019elle partage avec son compagnon et qui refl\u00e8te parfaitement sa sensibilit\u00e9 esth\u00e9tique et son regard de conservatrice.<\/p>\n<p><img decoding=\"async\" alt=\"Dans le salon dAnahita Sadighi tr\u00f4ne un grand canap Freistil Rolf Benz accompagn de la table basse Alanda de Paolo Piva...\" loading=\"lazy\" class=\"ResponsiveImageContainer-eNxvmU cfBbTk responsive-image__image\"   src=\"https:\/\/www.europesays.com\/fr\/wp-content\/uploads\/2025\/10\/22-03-AD-Anahita-Sadighi-0082.jpg\"\/><\/p>\n<p>Dans le salon d\u2019Anahita Sadighi tr\u00f4ne un grand <a href=\"https:\/\/www.admagazine.fr\/article\/beaux-canapes-sublimer-interieur\" rel=\"nofollow noopener\" target=\"_blank\">canap\u00e9<\/a> Freistil Rolf Benz, accompagn\u00e9 de la table basse Alanda de Paolo Piva pour B&amp;B Italia. Trois lampes en cristal d\u2019Eloa flottent comme de petits nuages, \u00e9voquant pour la galeriste \u00ab les constellations \u00bb. \u00c0 gauche de la porte du balcon, un masque f\u00e9minin bedu de la r\u00e9gion de Bondoukou, en C\u00f4te d\u2019Ivoire, dialogue avec une ancienne fen\u00eatre chinoise, \u00e9l\u00e9ment embl\u00e9matique de l\u2019architecture traditionnelle.<\/p>\n<p>Robert Rieger<\/p>\n<p>Anahita Sadighi vit pratiquement au-dessus d\u2019une de ses galeries. Loin de consid\u00e9rer cela comme un inconv\u00e9nient, elle y voit plut\u00f4t un avantage : \u00ab Il ne manque plus qu\u2019un <a href=\"https:\/\/www.admagazine.fr\/article\/astuces-deco-revolutionnent-utilisation-escalier\" rel=\"nofollow noopener\" target=\"_blank\">escalier<\/a> comme dans Ghostbusters \u00bb, plaisante-t-elle. Cette proximit\u00e9 entre vie priv\u00e9e et vie professionnelle n\u2019est pas le fruit du hasard : lorsqu\u2019elle a vu l\u2019appartement pour la premi\u00e8re fois, elle a su qu\u2019il \u00e9tait fait pour elle. Elle d\u00e9crit ce choix comme tr\u00e8s \u00ab old school \u00bb, mais il lui permet en r\u00e9alit\u00e9 d\u2019\u00e9conomiser des d\u00e9placements et de rester productive. Elle reconna\u00eet toutefois qu\u2019il est parfois difficile de tracer une ligne claire entre ces deux aspects de sa vie. Elle affirme n\u00e9anmoins parvenir \u00e0 se d\u00e9connecter facilement gr\u00e2ce \u00e0 la vue d\u00e9gag\u00e9e qu\u2019offre l\u2019appartement, au c\u0153ur de Berlin, qui lui procure un sentiment de <a href=\"https:\/\/www.admagazine.fr\/article\/reduire-anxiete-amenagement-interieur\" rel=\"nofollow noopener\" target=\"_blank\">calme<\/a> bien n\u00e9cessaire.<\/p>\n<p><img decoding=\"async\" alt=\"Les photographies du couloir appartiennent \u00e0 la srie Mmoire Temporelle du photographe londonien Kalpesh Lathigra. Les...\" loading=\"lazy\" class=\"ResponsiveImageContainer-eNxvmU cfBbTk responsive-image__image\"   src=\"https:\/\/www.europesays.com\/fr\/wp-content\/uploads\/2025\/10\/22-03-AD-Anahita-Sadighi-0153.jpg\"\/><\/p>\n<p>Les photographies du couloir appartiennent \u00e0 la s\u00e9rie M\u00e9moire Temporelle, du photographe londonien Kalpesh Lathigra. Les images ont \u00e9t\u00e9 prises \u00e0 Bombay. La lumi\u00e8re est fournie par une suspension spatiale de Bent Karlby.<\/p>\n<p>Robert RiegerRed\u00e9corer comme une d\u00e9formation professionnelle<\/p>\n<p>Pour Anahita Sadighi, la maison et la galerie se nourrissent naturellement l\u2019une l\u2019autre. M\u00eame s\u2019il ne fait pas officiellement partie de ses espaces d\u2019exposition, l\u2019appartement agit presque comme une extension de son travail : elle le red\u00e9core fr\u00e9quemment, ce qu\u2019elle qualifie de \u00ab d\u00e9formation professionnelle \u00bb. Sa philosophie est fortement influenc\u00e9e par la <a href=\"https:\/\/www.admagazine.fr\/article\/feng-shui-architecture-essentiels-appliquer\" rel=\"nofollow noopener\" target=\"_blank\">pens\u00e9e chinoise<\/a>, qui d\u00e9fend l\u2019id\u00e9e que les objets de la maison doivent \u00eatre originaux et en constante \u00e9volution.<\/p>\n<p>\u00ab Si vous laissez toujours les choses au m\u00eame endroit, elles prennent racine, comme les plantes. Votre espace de vie est quelque chose de vivant et doit \u00eatre modifi\u00e9 r\u00e9guli\u00e8rement pour que vous puissiez continuer \u00e0 vous \u00e9panouir \u00bb, explique-t-elle. Cette \u00e9volution n\u2019est pas seulement esth\u00e9tique, mais aussi \u00e9nerg\u00e9tique : l\u2019harmonie de l\u2019espace influence directement le bien-\u00eatre. Dans son cas, ce dynamisme se refl\u00e8te tant dans sa vie personnelle que dans son travail de galeriste et de productrice culturelle. \u00ab Je pense que notre <a href=\"https:\/\/www.admagazine.fr\/article\/berlin-maisons-bois-nature\" rel=\"nofollow noopener\" target=\"_blank\">maison<\/a> peut nous montrer ce que nous avons v\u00e9cu, les valeurs que nous appr\u00e9cions et la voie que nous voulons suivre. \u00bb<\/p>\n","protected":false},"excerpt":{"rendered":"L\u2019art comme mode de vie : la galeriste Anahita Sadighi nous ouvre les portes de son appartement \u00e0&hellip;\n","protected":false},"author":2,"featured_media":485422,"comment_status":"","ping_status":"","sticky":false,"template":"","format":"standard","meta":{"footnotes":""},"categories":[1358],"tags":[1348,1384,1385,1898,1386,58,59,1011,27],"class_list":{"0":"post-485421","1":"post","2":"type-post","3":"status-publish","4":"format-standard","5":"has-post-thumbnail","7":"category-arts-et-design","8":"tag-arts","9":"tag-arts-and-design","10":"tag-arts-et-design","11":"tag-berlin","12":"tag-design","13":"tag-divertissement","14":"tag-entertainment","15":"tag-fr","16":"tag-france"},"share_on_mastodon":{"url":"https:\/\/pubeurope.com\/@fr\/115425997374215577","error":""},"_links":{"self":[{"href":"https:\/\/www.europesays.com\/fr\/wp-json\/wp\/v2\/posts\/485421","targetHints":{"allow":["GET"]}}],"collection":[{"href":"https:\/\/www.europesays.com\/fr\/wp-json\/wp\/v2\/posts"}],"about":[{"href":"https:\/\/www.europesays.com\/fr\/wp-json\/wp\/v2\/types\/post"}],"author":[{"embeddable":true,"href":"https:\/\/www.europesays.com\/fr\/wp-json\/wp\/v2\/users\/2"}],"replies":[{"embeddable":true,"href":"https:\/\/www.europesays.com\/fr\/wp-json\/wp\/v2\/comments?post=485421"}],"version-history":[{"count":0,"href":"https:\/\/www.europesays.com\/fr\/wp-json\/wp\/v2\/posts\/485421\/revisions"}],"wp:featuredmedia":[{"embeddable":true,"href":"https:\/\/www.europesays.com\/fr\/wp-json\/wp\/v2\/media\/485422"}],"wp:attachment":[{"href":"https:\/\/www.europesays.com\/fr\/wp-json\/wp\/v2\/media?parent=485421"}],"wp:term":[{"taxonomy":"category","embeddable":true,"href":"https:\/\/www.europesays.com\/fr\/wp-json\/wp\/v2\/categories?post=485421"},{"taxonomy":"post_tag","embeddable":true,"href":"https:\/\/www.europesays.com\/fr\/wp-json\/wp\/v2\/tags?post=485421"}],"curies":[{"name":"wp","href":"https:\/\/api.w.org\/{rel}","templated":true}]}}