{"id":485423,"date":"2025-10-23T23:08:10","date_gmt":"2025-10-23T23:08:10","guid":{"rendered":"https:\/\/www.europesays.com\/fr\/485423\/"},"modified":"2025-10-23T23:08:10","modified_gmt":"2025-10-23T23:08:10","slug":"des-livres-terrifiants-au-rendez-vous","status":"publish","type":"post","link":"https:\/\/www.europesays.com\/fr\/485423\/","title":{"rendered":"Des livres terrifiants au rendez-vous"},"content":{"rendered":"<p><strong>LIVRES. Dans le cadre du Village des petits monstres qui aura lieu en fin de semaine, les maisons d\u2019\u00e9ditions Plan\u00e8te Rebelle et KATA \u00c9ditions d\u00e9voileront quelques nouveaux titres, inspir\u00e9s des mythes et l\u00e9gendes terrifiantes du Qu\u00e9bec, une s\u00e9lection sp\u00e9ciale \u00abHalloween\u00bb.<\/strong><\/p>\n<p>\u00abAncr\u00e9 dans la richesse du patrimoine oral qu\u00e9b\u00e9cois, les catalogues de Plan\u00e8te Rebelle et KATA \u00c9ditions c\u00e9l\u00e8brent des histoires terrifiantes qui animent les veill\u00e9es d\u2019hier et d\u2019aujourd\u2019hui, autour du feu ou au c\u0153ur des longues nuits d\u2019hiver\u00bb, pr\u00e9cise KATA \u00c9ditions, dans un communiqu\u00e9 de presse.<\/p>\n<p>\u00abEn parall\u00e8le, la s\u00e9lection KATA jeunesse met en lumi\u00e8re des albums sensibles autour du deuil, de l\u2019\u00e9cologie et des valeurs humaines, offrant aux jeunes lecteurs des r\u00e9cits porteurs d\u2019\u00e9motions et de sens\u00bb, ajoute-t-il.<\/p>\n<p>Au programme : des r\u00e9cits frissonnants peupl\u00e9s de cr\u00e9atures mythiques et de jeunes h\u00e9ros courageux, ainsi que d\u2019albums sensibles pour les plus jeunes, abordant le deuil et l\u2019anti-gaspillage.<\/p>\n<p>Le Village des petits monstres du Village qu\u00e9b\u00e9cois d\u2019antan de Drummondville aura lieu les 25 et 26 octobre, de 13h \u00e0 16h.<\/p>\n<p><strong>Les ouvrages qui seront mis en lumi\u00e8re<\/strong><\/p>\n<p>\u2013 La l\u00e9gende du Wendigo T.1 : Le grand hurlement de Am\u00e9lie Bibeau \u2013 Plan\u00e8te Rebelle<br \/>\u2013 La l\u00e9gende du Wendigo T.2 : La grotte mal\u00e9fique de Am\u00e9lie Bibeau \u2013 Plan\u00e8te Rebelle<br \/>\u2013 La l\u00e9gende du Wendigo T.3 : Le coeur de glace de Am\u00e9lie Bibeau \u2013 Plan\u00e8te Rebelle<br \/>\u2013 L\u00e9gendes \u00e9tranges pour nuit sanglante de Mathieu Fortin \u2013 Plan\u00e8te Rebelle<br \/>\u2013 L\u00e9gendes \u00e9tranges pour nuit sans lune de Mathieu Fortin \u2013 Plan\u00e8te Rebelle<br \/>\u2013 Le papillon de Carlito T.2 de Rafael Benitez \u2013 KATA Editeur<br \/>\u2013 Aster et le concours de citrouilles de Maud Chayer \u2013 KATA Editeur <strong>(TO)<\/strong><\/p>\n<p>(Source : KATA \u00c9ditions)<\/p>\n","protected":false},"excerpt":{"rendered":"LIVRES. Dans le cadre du Village des petits monstres qui aura lieu en fin de semaine, les maisons&hellip;\n","protected":false},"author":2,"featured_media":485424,"comment_status":"","ping_status":"","sticky":false,"template":"","format":"standard","meta":{"footnotes":""},"categories":[1357],"tags":[60857,60858,60859,1379,60860,1362,58,6504,51,27517,59,1011,27,60861,20815,60862,60863,60864,6510,60865,60866,2046,956,44632,1380,60867,60868,60869,60870,60871,60872,60873,60874,60875,60876,60877,60878,60879,60880],"class_list":{"0":"post-485423","1":"post","2":"type-post","3":"status-publish","4":"format-standard","5":"has-post-thumbnail","7":"category-livres","8":"tag-albums-jeunesse","9":"tag-amelie-bibeau","10":"tag-anti-gaspillage","11":"tag-books","12":"tag-creatures-mythiques","13":"tag-deuil","14":"tag-divertissement","15":"tag-drummondville","16":"tag-ecologie","17":"tag-emotions","18":"tag-entertainment","19":"tag-fr","20":"tag-france","21":"tag-frissons","22":"tag-halloween","23":"tag-heros-courageux","24":"tag-histoires-terrifiantes","25":"tag-journal-lexpess","26":"tag-journal-lexpress","27":"tag-journal-lexprss","28":"tag-kata-editions","29":"tag-lecture","30":"tag-legendes","31":"tag-litterature-quebecoise","32":"tag-livres","33":"tag-livres-jeunesse","34":"tag-mathieu-fortin","35":"tag-maud-chayer","36":"tag-mythes-quebecois","37":"tag-patrimoine-oral","38":"tag-planete-rebelle","39":"tag-rafael-benitez","40":"tag-recits-sensibles","41":"tag-selection-halloween","42":"tag-valeurs-humaines","43":"tag-veillees","44":"tag-village-des-petits-monstres","45":"tag-village-quebecois-dantan","46":"tag-wendigo"},"share_on_mastodon":{"url":"","error":"Validation failed: Text character limit of 500 exceeded"},"_links":{"self":[{"href":"https:\/\/www.europesays.com\/fr\/wp-json\/wp\/v2\/posts\/485423","targetHints":{"allow":["GET"]}}],"collection":[{"href":"https:\/\/www.europesays.com\/fr\/wp-json\/wp\/v2\/posts"}],"about":[{"href":"https:\/\/www.europesays.com\/fr\/wp-json\/wp\/v2\/types\/post"}],"author":[{"embeddable":true,"href":"https:\/\/www.europesays.com\/fr\/wp-json\/wp\/v2\/users\/2"}],"replies":[{"embeddable":true,"href":"https:\/\/www.europesays.com\/fr\/wp-json\/wp\/v2\/comments?post=485423"}],"version-history":[{"count":0,"href":"https:\/\/www.europesays.com\/fr\/wp-json\/wp\/v2\/posts\/485423\/revisions"}],"wp:featuredmedia":[{"embeddable":true,"href":"https:\/\/www.europesays.com\/fr\/wp-json\/wp\/v2\/media\/485424"}],"wp:attachment":[{"href":"https:\/\/www.europesays.com\/fr\/wp-json\/wp\/v2\/media?parent=485423"}],"wp:term":[{"taxonomy":"category","embeddable":true,"href":"https:\/\/www.europesays.com\/fr\/wp-json\/wp\/v2\/categories?post=485423"},{"taxonomy":"post_tag","embeddable":true,"href":"https:\/\/www.europesays.com\/fr\/wp-json\/wp\/v2\/tags?post=485423"}],"curies":[{"name":"wp","href":"https:\/\/api.w.org\/{rel}","templated":true}]}}