{"id":485425,"date":"2025-10-23T23:09:20","date_gmt":"2025-10-23T23:09:20","guid":{"rendered":"https:\/\/www.europesays.com\/fr\/485425\/"},"modified":"2025-10-23T23:09:20","modified_gmt":"2025-10-23T23:09:20","slug":"lhistoire-vraie-qui-a-inspire-la-serie-numero-1-de-netflix","status":"publish","type":"post","link":"https:\/\/www.europesays.com\/fr\/485425\/","title":{"rendered":"L&rsquo;histoire vraie qui a inspir\u00e9 la s\u00e9rie num\u00e9ro 1 de Netflix"},"content":{"rendered":"<p>Le Monstre de Florence, nouvelle mini-s\u00e9rie italienne disponible sur Netflix, cartonne. Il faut dire qu\u2019elle se base sur une histoire vraie, ce qui a tendance \u00e0 plaire aux abonn\u00e9s.<\/p>\n<p>Il n\u2019a pas fallu longtemps pour que les abonn\u00e9s se saisissent de la nouvelle s\u00e9rie criminelle inspir\u00e9e d\u2019une histoire vraie sur Netflix. <a href=\"https:\/\/www.programme-tv.net\/news\/series-tv\/390058-le-monstre-de-florence-le-nouveau-tueur-en-serie-de-netflix-est-il-aussi-terrifiant-que-lhistoire-ded-gein-on-vous-donne-notre-avis\/\" data-api-deeplink=\"teleloisirs:\/\/news\/390058\" target=\"_blank\" rel=\"noopener\">Le Monstre de Florence<\/a> est sortie le mercredi 22 octobre 2025 sur la plateforme de streaming. Apr\u00e8s avoir regard\u00e9, <a href=\"https:\/\/www.programme-tv.net\/news\/series-tv\/389960-malgre-ses-245-millions-dheures-vues-jai-jete-leponge-face-a-cette-serie-qui-ma-donne-envie-de-vomir\/\" data-api-deeplink=\"teleloisirs:\/\/news\/389960\" target=\"_blank\" rel=\"noopener\">entre fascination et d\u00e9go\u00fbt<\/a>, la saison 3 de <a href=\"https:\/\/www.programme-tv.net\/news\/series-tv\/390233-monstre-saison-3-decouvrez-le-vrai-visage-de-lacteur-qui-joue-hitchcock-vous-n-allez-pas-en-revenir\/\" data-api-deeplink=\"teleloisirs:\/\/news\/390233\" target=\"_blank\" rel=\"noopener\">Monstre<\/a>, centr\u00e9e sur <a href=\"https:\/\/www.programme-tv.net\/news\/series-tv\/389955-monstre-ed-gein-on-demele-le-vrai-du-faux-dans-la-saison-3-de-la-serie-netflix\/\" data-api-deeplink=\"teleloisirs:\/\/news\/389955\" target=\"_blank\" rel=\"noopener\">Ed Gein<\/a>, les fans du genre se sont tourn\u00e9s vers cette mini-s\u00e9rie en quatre \u00e9pisodes sign\u00e9e Stefano Sollima et Leonardo Fasoli (<a href=\"https:\/\/www.programme-tv.net\/news\/series-tv\/354305-gomorra-on-en-sait-plus-sur-le-prequel-de-la-serie\/\" data-api-deeplink=\"teleloisirs:\/\/news\/354305\" target=\"_blank\" rel=\"noopener\">Gomorra<\/a>, Romanzo Criminale). Le Monstre de Florence raconte la s\u00e9rie de meurtres sordides survenus dans la r\u00e9gion de Florence entre 1968 et 1985. Un, ou plusieurs, tueur s\u2019attaque \u00e0 des couples en train de passer un moment intime, souvent dans leur voiture, en pleine nuit. En adoptant plusieurs points de vue, notamment celui des familles de victimes, et en suivant le d\u00e9roul\u00e9 de l\u2019enqu\u00eate \u00e0 travers plus de quinze ans, les cr\u00e9ateurs de la s\u00e9rie proposent plusieurs suspects. Et nous interrogent : quelle est la v\u00e9ritable histoire qui se cache derri\u00e8re Le Monstre de Florence ?<\/p>\n<p>                        Dans la vraie vie, quatre hommes ont \u00e9t\u00e9 condamn\u00e9s pour les meurtres d\u00e9crits dans Le Monstre de Florence<\/p>\n<p>Les seize meurtres (huit couples) d\u00e9taill\u00e9s dans la s\u00e9rie italienne ont r\u00e9ellement eu lieu. Le nom du Monstre de Florence a \u00e9t\u00e9 utilis\u00e9 pour la premi\u00e8re fois par Mario Spezi, journaliste de La Nazione. Chaque meurtre a \u00e9t\u00e9 commis dans les m\u00eames conditions, avec la m\u00eame arme. En Italie, cette affaire a marqu\u00e9 les services de police mais aussi toute la soci\u00e9t\u00e9. Et, quarante ans apr\u00e8s le dernier meurtre, les doutes subsistent. Quatre hommes ont \u00e9t\u00e9 arr\u00eat\u00e9s et condamn\u00e9s dans le cadre de cette affaire. Le premier \u00e0 avoir \u00e9t\u00e9 condamn\u00e9, Stefano Mele, \u00e9tait le mari de la premi\u00e8re femme tu\u00e9e. Selon les enqu\u00eateurs, et selon ses propres aveux, il l\u2019aurait fait par jalousie. Mais, alors qu\u2019il \u00e9tait emprisonn\u00e9 pour quatorze ans, d\u2019autres crimes similaires ont \u00e9t\u00e9 commis, en 1974, 1981 et 1982. Pourtant, c\u2019est bien la m\u00eame arme qui a abattu tous ces couples. O\u00f9 est donc la v\u00e9rit\u00e9 ?<\/p>\n<p>            L\u2019affaire du Monstre de Florence est-elle d\u00e9finitivement \u00e9lucid\u00e9e ?<\/p>\n<p>L\u2019enqu\u00eate a ensuite \u00e9t\u00e9 \u00e9tendue, sur la base des d\u00e9clarations de Stefano Mele, pour envisager qu&rsquo;un groupe d&rsquo;hommes avait commis ces meurtres. Puis, Pietro Pacciani et deux autres hommes ont \u00e9t\u00e9 mis en cause. Si plusieurs suspects ont fait de la prison pour cette affaire, les doutes sont tels que le dossier n\u2019est pas clos. En 2024, la justice italienne a dit avoir d\u00e9couvert de l\u2019ADN en rapport avec l\u2019affaire et continuer les investigations.<\/p>\n<p>Article \u00e9crit en collaboration avec 6m\u00e9dias<\/p>\n","protected":false},"excerpt":{"rendered":"Le Monstre de Florence, nouvelle mini-s\u00e9rie italienne disponible sur Netflix, cartonne. Il faut dire qu\u2019elle se base sur&hellip;\n","protected":false},"author":2,"featured_media":485426,"comment_status":"","ping_status":"","sticky":false,"template":"","format":"standard","meta":{"footnotes":""},"categories":[1356],"tags":[244,58,59,1011,27,60882,60881,127,1722,1721,129,252,1364],"class_list":{"0":"post-485425","1":"post","2":"type-post","3":"status-publish","4":"format-standard","5":"has-post-thumbnail","7":"category-television","8":"tag-commentaire","9":"tag-divertissement","10":"tag-entertainment","11":"tag-fr","12":"tag-france","13":"tag-le-monstre-de-florence","14":"tag-le-monstre-de-florence-su00e9rie-52194985","15":"tag-netflix","16":"tag-pub-streaming-netflix","17":"tag-su00e9rie-netflix","18":"tag-svod","19":"tag-television","20":"tag-tv"},"share_on_mastodon":{"url":"https:\/\/pubeurope.com\/@fr\/115426005165988679","error":""},"_links":{"self":[{"href":"https:\/\/www.europesays.com\/fr\/wp-json\/wp\/v2\/posts\/485425","targetHints":{"allow":["GET"]}}],"collection":[{"href":"https:\/\/www.europesays.com\/fr\/wp-json\/wp\/v2\/posts"}],"about":[{"href":"https:\/\/www.europesays.com\/fr\/wp-json\/wp\/v2\/types\/post"}],"author":[{"embeddable":true,"href":"https:\/\/www.europesays.com\/fr\/wp-json\/wp\/v2\/users\/2"}],"replies":[{"embeddable":true,"href":"https:\/\/www.europesays.com\/fr\/wp-json\/wp\/v2\/comments?post=485425"}],"version-history":[{"count":0,"href":"https:\/\/www.europesays.com\/fr\/wp-json\/wp\/v2\/posts\/485425\/revisions"}],"wp:featuredmedia":[{"embeddable":true,"href":"https:\/\/www.europesays.com\/fr\/wp-json\/wp\/v2\/media\/485426"}],"wp:attachment":[{"href":"https:\/\/www.europesays.com\/fr\/wp-json\/wp\/v2\/media?parent=485425"}],"wp:term":[{"taxonomy":"category","embeddable":true,"href":"https:\/\/www.europesays.com\/fr\/wp-json\/wp\/v2\/categories?post=485425"},{"taxonomy":"post_tag","embeddable":true,"href":"https:\/\/www.europesays.com\/fr\/wp-json\/wp\/v2\/tags?post=485425"}],"curies":[{"name":"wp","href":"https:\/\/api.w.org\/{rel}","templated":true}]}}