{"id":485428,"date":"2025-10-23T23:11:25","date_gmt":"2025-10-23T23:11:25","guid":{"rendered":"https:\/\/www.europesays.com\/fr\/485428\/"},"modified":"2025-10-23T23:11:25","modified_gmt":"2025-10-23T23:11:25","slug":"cest-quoi-ce-film-dhorreur-qui-va-vous-donner-des-cauchemars","status":"publish","type":"post","link":"https:\/\/www.europesays.com\/fr\/485428\/","title":{"rendered":"C&rsquo;est quoi ce film d&rsquo;horreur qui va vous donner des cauchemars ?"},"content":{"rendered":"<p>Ce jeudi 23 octobre, un film d\u2019horreur indon\u00e9sien vient \u00e9toffer le catalogue Netflix. \u00c0 quelques jours d\u2019Halloween, The Elixir va vous donner des frissons d\u2019effroi.<\/p>\n<p>Halloween arrive \u00e0 grands pas et Netflix a pens\u00e9 \u00e0 tout pour vous faire peur. Comme chaque ann\u00e9e, la plateforme a pr\u00e9vu un<a href=\"https:\/\/www.programme-tv.net\/news\/series-tv\/286103-halloween-voici-les-meilleurs-films-et-series-a-voir-sur-netflix-selon-la-redaction\/\" data-api-deeplink=\"teleloisirs:\/\/news\/286103\" target=\"_blank\" rel=\"noopener\"> marathon horrifique<\/a> pour le mois d\u2019octobre. Apr\u00e8s avoir pouss\u00e9 les abonn\u00e9s \u00e0 regarder le documentaire Hantises et le film <a href=\"https:\/\/www.programme-tv.net\/news\/cinema\/383303-brick-netflix-pourquoi-le-mur-est-il-apparu-la-fin-du-film-explique\/\" data-api-deeplink=\"teleloisirs:\/\/news\/383303\" target=\"_blank\" rel=\"noopener\">Brick <\/a>au d\u00e9but du mois, c\u2019est un nouveau long m\u00e9trage qui arrive ce jeudi 23 octobre sur la plateforme. The Elixir, production indon\u00e9sienne, est un<a href=\"https:\/\/www.programme-tv.net\/news\/cinema\/293364-netflix-le-top-des-meilleurs-films-et-series-de-zombies-a-voir-sur-la-plateforme\/\" data-api-deeplink=\"teleloisirs:\/\/news\/293364\" target=\"_blank\" rel=\"noopener\"> film de zombies<\/a> qui risque de vous faire trembler. On y plonge dans un village indon\u00e9sien recul\u00e9. Une famille, qui tient une pharmacie, tente une nouvelle mixture d\u2019herbes. Malheureusement, ce m\u00e9lange ne gu\u00e9rit personne. Au contraire, il transforme ceux qui l\u2019ing\u00e8rent en mort-vivants. Tr\u00e8s vite, une \u00e9pid\u00e9mie se d\u00e9clenche et les habitants du village se retrouvent coinc\u00e9s dans ce huis clos sanglant et terrifiant.<\/p>\n<p>                        The Elixir sur Netflix : un film r\u00e9alis\u00e9 par un cin\u00e9aste habitu\u00e9 des films d&rsquo;horreur<\/p>\n<p>C\u2019est Kimo Stamboel, r\u00e9alisateur habitu\u00e9 des films d\u2019horreur comme La reine de la magie noire ou Baiser macabre, qui signe The Elixir. Pour jouer dans ce nouveau film, son premier autour des zombies, il a compt\u00e9 sur Marthino Lio (Vengeance Is Mine, All Others Pay Cash), Kiki Narndra (Impetigore), Dimas Anggara (Dancing in the Rain) ou encore la chanteuse Eva Celia. Des acteurs qui, dans un d\u00e9cor paradisiaque, ont eu l\u2019occasion de jouer la terreur de mille mani\u00e8res. Dans la bande-annonce de The Elixir, on voit cette peur visc\u00e9rale sur les visages des personnages. Quelque chose leur court apr\u00e8s. Quelque chose d\u2019effroyable et de dangereux. Mais comment peuvent-ils \u00e9chapper \u00e0 ce destin funeste ? Pour le savoir, il va falloir regarder The Elixir en entier.<\/p>\n<p>            Une nouvelle s\u00e9rie gla\u00e7ante \u00e0 voir sur Netflix<\/p>\n<p>The Elixir n&rsquo;est pas le seul programme effrayant \u00e0 voir cette semaine sur Netflix. Depuis le mercredi 22 octobre, c\u2019est la s\u00e9rie<a href=\"https:\/\/www.programme-tv.net\/news\/series-tv\/390058-le-monstre-de-florence-le-nouveau-tueur-en-serie-de-netflix-est-il-aussi-terrifiant-que-lhistoire-ded-gein-on-vous-donne-notre-avis\/\" data-api-deeplink=\"teleloisirs:\/\/news\/390058\" target=\"_blank\" rel=\"noopener\"> Le Monstre de Florence<\/a> qui intrigue sur la plateforme. La mini-s\u00e9rie italienne propose de replonger dans une s\u00e9rie de meurtres non r\u00e9solus en Toscane. Si vous \u00eates davantage fans de s\u00e9ries true crime que de films de zombies, vous aimerez probablement ce programme.<\/p>\n<p>Article \u00e9crit en collaboration avec 6m\u00e9dias<\/p>\n","protected":false},"excerpt":{"rendered":"Ce jeudi 23 octobre, un film d\u2019horreur indon\u00e9sien vient \u00e9toffer le catalogue Netflix. \u00c0 quelques jours d\u2019Halloween, The&hellip;\n","protected":false},"author":2,"featured_media":485429,"comment_status":"","ping_status":"","sticky":false,"template":"","format":"standard","meta":{"footnotes":""},"categories":[1354],"tags":[244,58,59,6214,1346,1011,27,60883,1360,127,1722,129],"class_list":{"0":"post-485428","1":"post","2":"type-post","3":"status-publish","4":"format-standard","5":"has-post-thumbnail","7":"category-films","8":"tag-commentaire","9":"tag-divertissement","10":"tag-entertainment","11":"tag-film-netflix","12":"tag-films","13":"tag-fr","14":"tag-france","15":"tag-lu00c9lixir","16":"tag-movies","17":"tag-netflix","18":"tag-pub-streaming-netflix","19":"tag-svod"},"share_on_mastodon":{"url":"https:\/\/pubeurope.com\/@fr\/115426013121113027","error":""},"_links":{"self":[{"href":"https:\/\/www.europesays.com\/fr\/wp-json\/wp\/v2\/posts\/485428","targetHints":{"allow":["GET"]}}],"collection":[{"href":"https:\/\/www.europesays.com\/fr\/wp-json\/wp\/v2\/posts"}],"about":[{"href":"https:\/\/www.europesays.com\/fr\/wp-json\/wp\/v2\/types\/post"}],"author":[{"embeddable":true,"href":"https:\/\/www.europesays.com\/fr\/wp-json\/wp\/v2\/users\/2"}],"replies":[{"embeddable":true,"href":"https:\/\/www.europesays.com\/fr\/wp-json\/wp\/v2\/comments?post=485428"}],"version-history":[{"count":0,"href":"https:\/\/www.europesays.com\/fr\/wp-json\/wp\/v2\/posts\/485428\/revisions"}],"wp:featuredmedia":[{"embeddable":true,"href":"https:\/\/www.europesays.com\/fr\/wp-json\/wp\/v2\/media\/485429"}],"wp:attachment":[{"href":"https:\/\/www.europesays.com\/fr\/wp-json\/wp\/v2\/media?parent=485428"}],"wp:term":[{"taxonomy":"category","embeddable":true,"href":"https:\/\/www.europesays.com\/fr\/wp-json\/wp\/v2\/categories?post=485428"},{"taxonomy":"post_tag","embeddable":true,"href":"https:\/\/www.europesays.com\/fr\/wp-json\/wp\/v2\/tags?post=485428"}],"curies":[{"name":"wp","href":"https:\/\/api.w.org\/{rel}","templated":true}]}}