{"id":485439,"date":"2025-10-23T23:17:12","date_gmt":"2025-10-23T23:17:12","guid":{"rendered":"https:\/\/www.europesays.com\/fr\/485439\/"},"modified":"2025-10-23T23:17:12","modified_gmt":"2025-10-23T23:17:12","slug":"emmanuel-macron-salue-les-sanctions-americaines-contre-moscou","status":"publish","type":"post","link":"https:\/\/www.europesays.com\/fr\/485439\/","title":{"rendered":"Emmanuel Macron salue les sanctions am\u00e9ricaines contre Moscou"},"content":{"rendered":"<p>\n    Le pr\u00e9sident fran\u00e7ais a estim\u00e9 jeudi soir que les sanctions d\u00e9cid\u00e9es par Donald Trump contre deux groupes p\u00e9troliers russes porteront un \u00abcoup massif\u00bb au financement de l\u2019effort de guerre russe.<\/p>\n<p class=\"fig-paragraph\">Le pr\u00e9sident fran\u00e7ais\u00a0<a href=\"https:\/\/www.lefigaro.fr\/tag\/emmanuel-macron\" target=\"_blank\" rel=\"sponsored noopener\" data-gtm-custom-categorie=\"navigation\" data-gtm-custom-action=\"crossclick\" data-gtm-custom-label=\"Contextuel\" data-gtm-event=\"customEventSPE\">Emmanuel Macron<\/a>\u00a0a estim\u00e9 jeudi soir que les\u00a0<a href=\"http:\/\/www.lefigaro.fr\/flash-eco\/excedes-par-vladimir-poutine-les-etats-unis-et-l-ue-sanctionnent-le-petrole-russe-20251023\" target=\"_blank\" data-fig-type=\"NewsFlash\" rel=\"noopener\" data-gtm-custom-categorie=\"navigation\" data-gtm-custom-action=\"crossclick\" data-gtm-custom-label=\"Contextuel\" data-gtm-event=\"customEventSPE\" data-fig-domain=\"LEFIGARO\">sanctions d\u00e9cid\u00e9es par Donald Trump<\/a>\u00a0contre deux groupes p\u00e9troliers russes allaient \u00abdans la bonne direction\u00bb et porteront un \u00abcoup massif\u00bb au financement de l&rsquo;effort de guerre russe.<\/p>\n<p class=\"fig-paragraph\">\u00abC&rsquo;est un v\u00e9ritable tournant qui, combin\u00e9 aux sanctions (europ\u00e9ennes, ndlr) que nous venons de prendre, \u00e0 la pression qui a \u00e9t\u00e9 mise aussi sur plusieurs autres acteurs, va porter ses effets\u00bb, a-t-il d\u00e9clar\u00e9 lors d&rsquo;une conf\u00e9rence de presse \u00e0 l&rsquo;issue d&rsquo;un Conseil europ\u00e9en \u00e0 Bruxelles.<\/p>\n<p class=\"fig-body-link\">\n            \u00c0 lire aussi<br \/>\n        <a class=\"fig-body-link__link fig-premium-mark\" href=\"http:\/\/www.lefigaro.fr\/international\/comment-l-europe-veut-utiliser-les-avoirs-russes-geles-pour-soutenir-kiev-20251023\" target=\"_blank\" data-fig-type=\"Article\" rel=\"noopener\" data-gtm-custom-categorie=\"navigation\" data-gtm-custom-action=\"crossclick\" data-gtm-custom-label=\"Contextuel\" data-gtm-event=\"customEventSPE\" data-fig-domain=\"LEFIGARO\"><\/p>\n<p>        Le plan de l\u2019Europe pour utiliser les avoirs russes gel\u00e9s pour l\u2019Ukraine patine<br \/>\n    <\/a>\n<\/p>\n<p>                                    <a class=\"fig-a11y-skip a11y-hidden\" href=\"#fig-a11y-skip-main-inarticle\"><br \/>\n        Passer la publicit\u00e9<br \/>\n    <\/a><\/p>\n<p class=\"fig-paragraph\">\u00abC&rsquo;est un coup massif qui est port\u00e9 au financement de l&rsquo;effort de guerre de la Russie alors m\u00eame que pour la premi\u00e8re fois depuis le d\u00e9but de ce conflit, l&rsquo;\u00e9conomie russe commence \u00e0 souffrir bien davantage\u00bb, a-t-il ajout\u00e9.<\/p>\n","protected":false},"excerpt":{"rendered":"Le pr\u00e9sident fran\u00e7ais a estim\u00e9 jeudi soir que les sanctions d\u00e9cid\u00e9es par Donald Trump contre deux groupes p\u00e9troliers&hellip;\n","protected":false},"author":2,"featured_media":485440,"comment_status":"","ping_status":"","sticky":false,"template":"","format":"standard","meta":{"footnotes":""},"categories":[5],"tags":[11,1073,1011,27,131,14,12,132,28],"class_list":{"0":"post-485439","1":"post","2":"type-post","3":"status-publish","4":"format-standard","5":"has-post-thumbnail","7":"category-international","8":"tag-actualites","9":"tag-emmanuel-macron","10":"tag-fr","11":"tag-france","12":"tag-guerre-en-ukraine","13":"tag-international","14":"tag-news","15":"tag-russie","16":"tag-world"},"share_on_mastodon":{"url":"https:\/\/pubeurope.com\/@fr\/115426036650894204","error":""},"_links":{"self":[{"href":"https:\/\/www.europesays.com\/fr\/wp-json\/wp\/v2\/posts\/485439","targetHints":{"allow":["GET"]}}],"collection":[{"href":"https:\/\/www.europesays.com\/fr\/wp-json\/wp\/v2\/posts"}],"about":[{"href":"https:\/\/www.europesays.com\/fr\/wp-json\/wp\/v2\/types\/post"}],"author":[{"embeddable":true,"href":"https:\/\/www.europesays.com\/fr\/wp-json\/wp\/v2\/users\/2"}],"replies":[{"embeddable":true,"href":"https:\/\/www.europesays.com\/fr\/wp-json\/wp\/v2\/comments?post=485439"}],"version-history":[{"count":0,"href":"https:\/\/www.europesays.com\/fr\/wp-json\/wp\/v2\/posts\/485439\/revisions"}],"wp:featuredmedia":[{"embeddable":true,"href":"https:\/\/www.europesays.com\/fr\/wp-json\/wp\/v2\/media\/485440"}],"wp:attachment":[{"href":"https:\/\/www.europesays.com\/fr\/wp-json\/wp\/v2\/media?parent=485439"}],"wp:term":[{"taxonomy":"category","embeddable":true,"href":"https:\/\/www.europesays.com\/fr\/wp-json\/wp\/v2\/categories?post=485439"},{"taxonomy":"post_tag","embeddable":true,"href":"https:\/\/www.europesays.com\/fr\/wp-json\/wp\/v2\/tags?post=485439"}],"curies":[{"name":"wp","href":"https:\/\/api.w.org\/{rel}","templated":true}]}}