{"id":485453,"date":"2025-10-23T23:25:26","date_gmt":"2025-10-23T23:25:26","guid":{"rendered":"https:\/\/www.europesays.com\/fr\/485453\/"},"modified":"2025-10-23T23:25:26","modified_gmt":"2025-10-23T23:25:26","slug":"mais-au-fait-quel-age-ont-asterix-et-obelix","status":"publish","type":"post","link":"https:\/\/www.europesays.com\/fr\/485453\/","title":{"rendered":"Mais au fait, quel \u00e2ge ont Ast\u00e9rix et Ob\u00e9lix\u00a0?"},"content":{"rendered":"<tr wp_automatic_readability=\"2.890243902439\">\n<td valign=\"middle\" align=\"center\" class=\"col-logo\">\n    <img decoding=\"async\" src=\"https:\/\/www.europesays.com\/fr\/wp-content\/uploads\/2025\/05\/ouest-france.gif\" alt=\"logo Ouest-France\" height=\"66\"\/><\/p>\n<\/td>\n<td class=\"col-titre\">\n\t\t\tJeudi 23 octobre 2025 19:13<br \/>\n\t\t\t<a class=\"icon-bulle sizeL count\" href=\"#ancreAvis\"><br \/>\n\t&#8230;<br \/>\n<\/a><\/td>\n<\/tr>\n<p>\t\t<a class=\"mavillebox2 elmt-photo\" href=\"https:\/\/maville.com\/photosmvi\/2025\/10\/23\/P35540644D7034098G.jpg\" title=\" Deux cases extraites d\u2019Ast\u00e9rix en Lusitanie. Boulqui\u00e8s est venu chercher l\u2019aide d\u2019Ast\u00e9rix et Ob\u00e9lix.  \u00a9  Photo\u00a0: AST\u00c9RIX \u00a9 \u2013 OB\u00c9LIX \u00a9 \u2013 ID\u00c9FIX \u00a9 \/ \u00a9 2025 HACHETTE LIVRE \/ GOSCINNY \u2013 UDERZO  \" rel=\"galerie_actu noopener\" target=\"_blank\"><br \/>\n\t<img decoding=\"async\" src=\"https:\/\/www.europesays.com\/fr\/wp-content\/uploads\/2025\/10\/P35540644D7034098G_crop_640-330_.jpg\" alt=\"photo  deux cases extraites d\u2019ast\u00e9rix en lusitanie. boulqui\u00e8s est venu chercher l\u2019aide d\u2019ast\u00e9rix et ob\u00e9lix.  \u00a9  photo\u00a0: ast\u00e9rix \u00a9 \u2013 ob\u00e9lix \u00a9 \u2013 id\u00e9fix \u00a9 \/ \u00a9 2025 hachette livre \/ goscinny \u2013 uderzo \"\/><br \/>\n\t1<br \/>\n<\/a><\/p>\n<p class=\"elmt-legende\"> Deux cases extraites d\u2019Ast\u00e9rix en Lusitanie. Boulqui\u00e8s est venu chercher l\u2019aide d\u2019Ast\u00e9rix et Ob\u00e9lix.  \u00a9  Photo\u00a0: AST\u00c9RIX \u00a9 \u2013 OB\u00c9LIX \u00a9 \u2013 ID\u00c9FIX \u00a9 \/ \u00a9 2025 HACHETTE LIVRE \/ GOSCINNY \u2013 UDERZO  <\/p>\n<p>\t\t\u00c0 l\u2019occasion de la sortie du nouvel album, \u00ab\u00a0Ast\u00e9rix en Lusitanie\u00a0\u00bb, l\u2019\u00e9dition du soir souhaite tester les fans (et pas que) sur l\u2019\u00e2ge du c\u00e9l\u00e8bre duo. Et \u00e0 premi\u00e8re vue, les deux Gaulois ne semblent toujours pas avoir pris une ride. Mais quel \u00e2ge ont-ils vraiment\u00a0? C\u2019est \u00ab\u00a0la question pas si b\u00eate\u00a0\u00bb que se pose l\u2019\u00e9dition du soir, dans son podcast quotidien.<\/p>\n<p>\t\t Par Marie-Caroline ROYET. \u00a0\u00a0<br \/>\n\t\tOuest-France\u00a0\u00a0<\/p>\n<p>\t\t&#13;<\/p>\n","protected":false},"excerpt":{"rendered":"Jeudi 23 octobre 2025 19:13 &#8230; 1 Deux cases extraites d\u2019Ast\u00e9rix en Lusitanie. Boulqui\u00e8s est venu chercher l\u2019aide&hellip;\n","protected":false},"author":2,"featured_media":485454,"comment_status":"","ping_status":"","sticky":false,"template":"","format":"standard","meta":{"footnotes":""},"categories":[9619],"tags":[1111,11,317,14103,1777,674,21,1011,27,12,51315,882,25,2310],"class_list":{"0":"post-485453","1":"post","2":"type-post","3":"status-publish","4":"format-standard","5":"has-post-thumbnail","7":"category-toulon","8":"tag-actu","9":"tag-actualites","10":"tag-age","11":"tag-asterix","12":"tag-eu","13":"tag-europe","14":"tag-fait","15":"tag-fr","16":"tag-france","17":"tag-news","18":"tag-obelix","19":"tag-provence-alpes-cote-dazur","20":"tag-republique-francaise","21":"tag-toulon"},"share_on_mastodon":{"url":"https:\/\/pubeurope.com\/@fr\/115426068946180582","error":""},"_links":{"self":[{"href":"https:\/\/www.europesays.com\/fr\/wp-json\/wp\/v2\/posts\/485453","targetHints":{"allow":["GET"]}}],"collection":[{"href":"https:\/\/www.europesays.com\/fr\/wp-json\/wp\/v2\/posts"}],"about":[{"href":"https:\/\/www.europesays.com\/fr\/wp-json\/wp\/v2\/types\/post"}],"author":[{"embeddable":true,"href":"https:\/\/www.europesays.com\/fr\/wp-json\/wp\/v2\/users\/2"}],"replies":[{"embeddable":true,"href":"https:\/\/www.europesays.com\/fr\/wp-json\/wp\/v2\/comments?post=485453"}],"version-history":[{"count":0,"href":"https:\/\/www.europesays.com\/fr\/wp-json\/wp\/v2\/posts\/485453\/revisions"}],"wp:featuredmedia":[{"embeddable":true,"href":"https:\/\/www.europesays.com\/fr\/wp-json\/wp\/v2\/media\/485454"}],"wp:attachment":[{"href":"https:\/\/www.europesays.com\/fr\/wp-json\/wp\/v2\/media?parent=485453"}],"wp:term":[{"taxonomy":"category","embeddable":true,"href":"https:\/\/www.europesays.com\/fr\/wp-json\/wp\/v2\/categories?post=485453"},{"taxonomy":"post_tag","embeddable":true,"href":"https:\/\/www.europesays.com\/fr\/wp-json\/wp\/v2\/tags?post=485453"}],"curies":[{"name":"wp","href":"https:\/\/api.w.org\/{rel}","templated":true}]}}