{"id":485457,"date":"2025-10-23T23:27:13","date_gmt":"2025-10-23T23:27:13","guid":{"rendered":"https:\/\/www.europesays.com\/fr\/485457\/"},"modified":"2025-10-23T23:27:13","modified_gmt":"2025-10-23T23:27:13","slug":"le-chauffard-qui-a-fauche-aymen-en-marge-du-mondial-2022-condamne-a-huit-ans-de-prison","status":"publish","type":"post","link":"https:\/\/www.europesays.com\/fr\/485457\/","title":{"rendered":"Le chauffard qui a fauch\u00e9 Aymen en marge du Mondial 2022 condamn\u00e9 \u00e0 huit ans de prison"},"content":{"rendered":"<p>La cour criminelle de l\u2019<a href=\"https:\/\/www.20minutes.fr\/societe\/herault\/\" target=\"_blank\" class=\"c-link c-link--is-underlined\" rel=\"noopener\">H\u00e9rault<\/a> a condamn\u00e9 jeudi William C., 23 ans, \u00e0 huit ann\u00e9es de <a href=\"https:\/\/www.20minutes.fr\/dossier\/prison\" target=\"_blank\" class=\"c-link c-link--is-underlined\" rel=\"noopener\">r\u00e9clusion<\/a> pour <a href=\"https:\/\/www.20minutes.fr\/justice\/4180456-20251022-montpellier-proces-chauffard-fauche-aymen-marge-mondial-2022-ouvre\" target=\"_blank\" class=\"c-link c-link--is-underlined\" rel=\"noopener\">avoir fauch\u00e9 mortellement Aymen, 13 ans<\/a>, lors des c\u00e9l\u00e9brations qui avaient suivi la demi-finale France-Maroc du Mondial 2022. Un verdict accueilli avec une profonde d\u00e9ception par la famille de l\u2019adolescent.<\/p>\n<p>\u00ab\u00a0L\u2019avocat g\u00e9n\u00e9ral avait propos\u00e9 12 ans, mais malheureusement la cour n\u2019a retenu que huit\u00a0\u00bb, a r\u00e9agi Sa\u00efd, le fr\u00e8re a\u00een\u00e9 d\u2019Aymen, \u00e0 la sortie de l\u2019<a href=\"https:\/\/www.20minutes.fr\/dossier\/audience\" target=\"_blank\" class=\"c-link c-link--is-underlined\" rel=\"noopener\">audience<\/a>. Pour la famille, cette peine ne rend pas justice \u00e0 la gravit\u00e9 du drame\u00a0: \u00ab\u00a0C\u2019est une douleur qui se rajoute \u00e0 celle que nous avons d\u00e9j\u00e0\u00a0\u00bb, a-t-il ajout\u00e9, tout en reconnaissant que \u00ab\u00a0la justice a fait son travail\u00a0\u00bb.<\/p>\n<p>Illettr\u00e9, sans emploi et d\u00e9pourvu de permis de conduire<\/p>\n<p>Apr\u00e8s une heure et demie de d\u00e9lib\u00e9r\u00e9, la cour a reconnu le jeune homme coupable de \u00ab\u00a0violences volontaires avec arme ayant entra\u00een\u00e9 la mort sans intention de la donner\u00a0\u00bb, \u00e9cartant la th\u00e8se de la l\u00e9gitime d\u00e9fense. William C., illettr\u00e9, sans emploi et d\u00e9pourvu de permis de conduire, encourait jusqu\u2019\u00e0 vingt ans de prison. \u00ab\u00a0Huit ans, pour la mort d\u2019un enfant, c\u2019est beaucoup trop peu\u00a0\u00bb, a d\u00e9plor\u00e9 l\u2019avocat de la famille, Marc Gallix, qui redoute que ce verdict \u00ab\u00a0ne conduise pas \u00e0 une forme d\u2019apaisement, notamment dans le quartier de la Paillade\u00a0\u00bb.<\/p>\n<\/p>\n<p>Le drame s\u2019\u00e9tait jou\u00e9 le 14\u00a0d\u00e9cembre 2022, dans la liesse de la victoire fran\u00e7aise face au Maroc (2-0). Drapeau tricolore accroch\u00e9 \u00e0 la porti\u00e8re de la voiture de sa m\u00e8re, William C. s\u2019\u00e9tait m\u00eal\u00e9 \u00e0 la foule des <a href=\"https:\/\/www.20minutes.fr\/sport\/supporter\/\" target=\"_blank\" class=\"c-link c-link--is-underlined\" rel=\"noopener\">supporteurs<\/a> marocains r\u00e9unis dans le quartier <a href=\"https:\/\/www.20minutes.fr\/montpellier\/\" target=\"_blank\" class=\"c-link c-link--is-underlined\" rel=\"noopener\">montpelli\u00e9rain<\/a> de La Mosson. Pris \u00e0 partie, il avait brusquement d\u00e9marr\u00e9, effectu\u00e9 un demi-tour sur les voies du tramway et percut\u00e9 plusieurs personnes, dont Aymen, mortellement bless\u00e9.<\/p>\n<p>\u00ab\u00a0Je demande de me pardonner\u00a0\u00bb<\/p>\n<p>Lors de l\u2019audience, le jeune conducteur a r\u00e9p\u00e9t\u00e9 qu\u2019il n\u2019avait \u00ab\u00a0jamais voulu faire de mal\u00a0\u00bb, assurant avoir agi sous le coup de la panique. \u00ab\u00a0Je demande de me pardonner, excusez-moi, pardon, pardon\u2026\u00a0\u00bb, a-t-il lanc\u00e9, en larmes, depuis son box. Des excuses jug\u00e9es sinc\u00e8res par la famille de la victime\u00a0: \u00ab\u00a0\u00c7a ne nous ram\u00e8nera pas le petit fr\u00e8re, mais \u00e7a nous touche\u00a0\u00bb, a reconnu Sa\u00efd, rappelant que l\u2019adolescent \u00e9tait mort \u00ab\u00a0dans les bras de [leur] p\u00e8re\u00a0\u00bb.<\/p>\n<p><a href=\"https:\/\/www.20minutes.fr\/justice\/\" target=\"_blank\" class=\"c-link c-btn c-btn--primary\" rel=\"noopener\">Notre dossier Justice<\/a><\/p>\n<p>Dans son r\u00e9quisitoire, l\u2019avocat g\u00e9n\u00e9ral Robert Bartoletti avait pourtant insist\u00e9 sur la responsabilit\u00e9 pleine et enti\u00e8re de l\u2019accus\u00e9\u00a0: \u00ab\u00a0Ce n\u2019est pas la faute \u00e0 pas de chance, c\u2019est la faute \u00e0 son comportement\u00a0\u00bb, avait-il soulign\u00e9, \u00e9voquant \u00ab\u00a0le drame absolu\u00a0\u00bb d\u2019une vie bris\u00e9e. Pour la d\u00e9fense, les juges ont su trouver \u00ab\u00a0un juste \u00e9quilibre entre la personnalit\u00e9 de l\u2019accus\u00e9 et les souffrances des parties civiles\u00a0\u00bb.<\/p>\n","protected":false},"excerpt":{"rendered":"La cour criminelle de l\u2019H\u00e9rault a condamn\u00e9 jeudi William C., 23 ans, \u00e0 huit ann\u00e9es de r\u00e9clusion pour&hellip;\n","protected":false},"author":2,"featured_media":485458,"comment_status":"","ping_status":"","sticky":false,"template":"","format":"standard","meta":{"footnotes":""},"categories":[9599],"tags":[1111,47,11,6186,4378,3983,1777,674,1011,27,7089,303,2681,2208,12,2680,806,25],"class_list":{"0":"post-485457","1":"post","2":"type-post","3":"status-publish","4":"format-standard","5":"has-post-thumbnail","7":"category-montpellier","8":"tag-actu","9":"tag-actualite","10":"tag-actualites","11":"tag-audience","12":"tag-chauffard","13":"tag-deces","14":"tag-eu","15":"tag-europe","16":"tag-fr","17":"tag-france","18":"tag-herault","19":"tag-justice","20":"tag-languedoc-roussillon","21":"tag-montpellier","22":"tag-news","23":"tag-occitanie","24":"tag-prison","25":"tag-republique-francaise"},"share_on_mastodon":{"url":"https:\/\/pubeurope.com\/@fr\/115426075871445436","error":""},"_links":{"self":[{"href":"https:\/\/www.europesays.com\/fr\/wp-json\/wp\/v2\/posts\/485457","targetHints":{"allow":["GET"]}}],"collection":[{"href":"https:\/\/www.europesays.com\/fr\/wp-json\/wp\/v2\/posts"}],"about":[{"href":"https:\/\/www.europesays.com\/fr\/wp-json\/wp\/v2\/types\/post"}],"author":[{"embeddable":true,"href":"https:\/\/www.europesays.com\/fr\/wp-json\/wp\/v2\/users\/2"}],"replies":[{"embeddable":true,"href":"https:\/\/www.europesays.com\/fr\/wp-json\/wp\/v2\/comments?post=485457"}],"version-history":[{"count":0,"href":"https:\/\/www.europesays.com\/fr\/wp-json\/wp\/v2\/posts\/485457\/revisions"}],"wp:featuredmedia":[{"embeddable":true,"href":"https:\/\/www.europesays.com\/fr\/wp-json\/wp\/v2\/media\/485458"}],"wp:attachment":[{"href":"https:\/\/www.europesays.com\/fr\/wp-json\/wp\/v2\/media?parent=485457"}],"wp:term":[{"taxonomy":"category","embeddable":true,"href":"https:\/\/www.europesays.com\/fr\/wp-json\/wp\/v2\/categories?post=485457"},{"taxonomy":"post_tag","embeddable":true,"href":"https:\/\/www.europesays.com\/fr\/wp-json\/wp\/v2\/tags?post=485457"}],"curies":[{"name":"wp","href":"https:\/\/api.w.org\/{rel}","templated":true}]}}