{"id":485460,"date":"2025-10-23T23:29:18","date_gmt":"2025-10-23T23:29:18","guid":{"rendered":"https:\/\/www.europesays.com\/fr\/485460\/"},"modified":"2025-10-23T23:29:18","modified_gmt":"2025-10-23T23:29:18","slug":"rouen-gagnez-2-places-pour-le-match-de-basketball-rmb","status":"publish","type":"post","link":"https:\/\/www.europesays.com\/fr\/485460\/","title":{"rendered":"Rouen. Gagnez 2 places pour le match de basketball RMB"},"content":{"rendered":"<p>\u00c0 l&rsquo;occasion de la 8\u00e8me journ\u00e9e de championnat de France d&rsquo;\u00c9lite 2 de la saison 2025-2026, venez soutenir au Kindarena l&rsquo;\u00e9quipe du Rouen Metrop\u00f4le Basket qui affrontera l&rsquo;\u00e9quipe du \u00c9vreux Basket Eure.<\/p>\n<p>Pour Rouen, \u00e9voluer \u00e0 domicile repr\u00e9sente une opportunit\u00e9 de consolider un bon d\u00e9part, tandis qu\u2019\u00c9vreux souhaite confirmer son esprit de conqu\u00eate \u00e0 l\u2019ext\u00e9rieur.<\/p>\n<p>Profitez de l&rsquo;ambiance euphorisante du match gr\u00e2ce aux supporters du club.\u00a0<\/p>\n<p><strong>Date : le mardi 28 octobre \u00e0 20h au Kindarena.<\/strong><\/p>\n<p>\u21d2 Pour tentez de gagner vos 2 places, remplissez simplement le formulaire ci-dessous.<\/p>\n<p>Tirage au sort le lundi 27 octobre.<\/p><\/p>\n","protected":false},"excerpt":{"rendered":"\u00c0 l&rsquo;occasion de la 8\u00e8me journ\u00e9e de championnat de France d&rsquo;\u00c9lite 2 de la saison 2025-2026, venez soutenir&hellip;\n","protected":false},"author":2,"featured_media":485461,"comment_status":"","ping_status":"","sticky":false,"template":"","format":"standard","meta":{"footnotes":""},"categories":[9587],"tags":[1111,11,1777,674,1011,27,12,5161,25,9590],"class_list":{"0":"post-485460","1":"post","2":"type-post","3":"status-publish","4":"format-standard","5":"has-post-thumbnail","7":"category-rouen","8":"tag-actu","9":"tag-actualites","10":"tag-eu","11":"tag-europe","12":"tag-fr","13":"tag-france","14":"tag-news","15":"tag-normandie","16":"tag-republique-francaise","17":"tag-rouen"},"share_on_mastodon":{"url":"https:\/\/pubeurope.com\/@fr\/115426083713268855","error":""},"_links":{"self":[{"href":"https:\/\/www.europesays.com\/fr\/wp-json\/wp\/v2\/posts\/485460","targetHints":{"allow":["GET"]}}],"collection":[{"href":"https:\/\/www.europesays.com\/fr\/wp-json\/wp\/v2\/posts"}],"about":[{"href":"https:\/\/www.europesays.com\/fr\/wp-json\/wp\/v2\/types\/post"}],"author":[{"embeddable":true,"href":"https:\/\/www.europesays.com\/fr\/wp-json\/wp\/v2\/users\/2"}],"replies":[{"embeddable":true,"href":"https:\/\/www.europesays.com\/fr\/wp-json\/wp\/v2\/comments?post=485460"}],"version-history":[{"count":0,"href":"https:\/\/www.europesays.com\/fr\/wp-json\/wp\/v2\/posts\/485460\/revisions"}],"wp:featuredmedia":[{"embeddable":true,"href":"https:\/\/www.europesays.com\/fr\/wp-json\/wp\/v2\/media\/485461"}],"wp:attachment":[{"href":"https:\/\/www.europesays.com\/fr\/wp-json\/wp\/v2\/media?parent=485460"}],"wp:term":[{"taxonomy":"category","embeddable":true,"href":"https:\/\/www.europesays.com\/fr\/wp-json\/wp\/v2\/categories?post=485460"},{"taxonomy":"post_tag","embeddable":true,"href":"https:\/\/www.europesays.com\/fr\/wp-json\/wp\/v2\/tags?post=485460"}],"curies":[{"name":"wp","href":"https:\/\/api.w.org\/{rel}","templated":true}]}}