{"id":485466,"date":"2025-10-23T23:33:24","date_gmt":"2025-10-23T23:33:24","guid":{"rendered":"https:\/\/www.europesays.com\/fr\/485466\/"},"modified":"2025-10-23T23:33:24","modified_gmt":"2025-10-23T23:33:24","slug":"rennes-le-campement-de-migrants-au-parc-de-maurepas-enfin-evacue","status":"publish","type":"post","link":"https:\/\/www.europesays.com\/fr\/485466\/","title":{"rendered":"Rennes : le campement de migrants au parc de Maurepas enfin \u00e9vacu\u00e9"},"content":{"rendered":"<p>L\u2019annonce a \u00e9t\u00e9 faite mercredi apr\u00e8s-midi, vers 17 h 30, aux r\u00e9sidents du camp. Certains ont alors d\u00e9m\u00e9nag\u00e9 avant l\u2019intervention polici\u00e8re, visiblement aid\u00e9s par des voitures de particuliers. D\u2019autres ont \u00e9t\u00e9 orient\u00e9s vers des h\u00e9bergements d\u2019urgence \u00e0 <a href=\"https:\/\/www.valeursactuelles.com\/regions\/bretagne\/ille-et-vilaine\/rennes\" target=\"_blank\" rel=\"noopener nofollow\">Rennes<\/a> ou transf\u00e9r\u00e9s vers Foug\u00e8res, avec le soutien des services municipaux. Mais une quarantaine de mineurs isol\u00e9s se retrouvent dans la nature.<\/p>\n<p><a href=\"https:\/\/www.valeursactuelles.com\/clubvaleurs\/societe\/rennes-fusillades-vols-agressions-la-ville-sombre-dans-linsecurite\" class=\"h-flex h-align-items-center h-border-tb h-ptb-15\" rel=\"nofollow noopener\" target=\"_blank\">A\u00a0LIRE\u00a0Rennes : Fusillades, vols, agressions\u2026 La ville sombre dans l\u2019ins\u00e9curit\u00e9<\/a><\/p>\n<p>Ce campement d\u2019 \u00ab exil\u00e9s \u00bb s\u2019\u00e9tait form\u00e9 en septembre 2023, apr\u00e8s l\u2019\u00e9vacuation de celui des Gayeulles, et il \u00e9tait clairement mentionn\u00e9 depuis mars 2025. Install\u00e9 au beau milieu d\u2019un quartier r\u00e9sidentiel, face au coll\u00e8ge de l\u2019Assomption et \u00e0 proximit\u00e9 d\u2019\u00e9coles et de cr\u00e8ches, il s\u2019\u00e9tait progressivement \u00e9tendu. En juin 2025, la mairie recensait environ 200 migrants. En octobre, l\u2019association Interrogation en comptait 300, dont une centaine d\u2019enfants. Un migrant pr\u00e9sent sur le camp \u00e9voquait m\u00eame jusqu\u2019\u00e0 400 personnes, originaires d\u2019Europe de l\u2019Est et d\u2019Afrique.<\/p>\n<p><b>Un parc d\u00e9grad\u00e9, un quartier lass\u00e9<\/b><\/p>\n<p>Des associations telles que Utopia 56 Rennes ou la Croix-Rouge ont aid\u00e9 ces personnes \u00e0 se maintenir sur les lieux en leur fournissant notamment du mat\u00e9riel de campement. Dans ce cadre, les questions de s\u00e9curit\u00e9 et de salubrit\u00e9, responsabilit\u00e9s de la municipalit\u00e9, \u00e9taient devenues des probl\u00e8mes r\u00e9currents. Les abords du parc \u00e9taient sem\u00e9s <a href=\"https:\/\/www.youtube.com\/watch?v=3JWnlyf_W6w\" target=\"_blank\" rel=\"nofollow noopener\">de d\u00e9chets, parfois d\u2019excr\u00e9ments<\/a>, rendant le lieu impraticable pour les habitants. Il n\u2019\u00e9tait pas rare que des hommes urinent en public. Le jardin chinois financ\u00e9 \u00e0 grands frais \u00e9tait tr\u00e8s appr\u00e9ci\u00e9 des visiteurs du parc. \u00ab Un jour, j\u2019ai constat\u00e9 des jeunes en haut d\u2019un \u00e9rable du Japon en train de le saccager. Quand l\u2019un d\u2019eux m\u2019a vue, il est descendu en me mena\u00e7ant, pensant que je prenais des photos \u00bb, raconte une riveraine.<\/p>\n<p>\u00ab On ne va plus dans le parc \u00bb, confie cette habitante de Maurepas, qui y vit depuis quinze ans. Membre d\u2019un collectif de quartier cr\u00e9\u00e9 cet automne, elle dit avoir retrouv\u00e9 \u00ab des blisters de m\u00e9dicaments, des tentes isol\u00e9es \u00bb, indices flagrants de trafics en tout genre, dans lesquels le prox\u00e9n\u00e9tisme a certainement sa place. La proximit\u00e9 avec le secteur du Gros-Ch\u00eane, <a href=\"https:\/\/www.letelegramme.fr\/ille-et-vilaine\/rennes-35000\/un-an-apres-les-fusillades-de-maurepas-les-habitants-restent-mefiants-6871300.php\" target=\"_blank\" rel=\"nofollow noopener\">d\u00e9j\u00e0 connu pour son trafic de stup\u00e9fiants<\/a>, aurait renforc\u00e9 l\u2019activit\u00e9. Elle raconte \u00e0 Valeurs actuelles qu\u2019il y a eu une tentative de laisser le parc ouvert le soir quand il n\u2019\u00e9tait plus occup\u00e9, pour que les habitants puissent en profiter, mais cela s\u2019est vite transform\u00e9 en \u00e9chec. \u00ab C\u2019est tr\u00e8s vite redevenu propice aux trafics \u00bb, d\u00e9plore-t-elle.<\/p>\n<p><a href=\"https:\/\/www.valeursactuelles.com\/culture\/lutte-contre-le-trafic-de-drogue-rennes-investit-25-millions-deuros-dans-un-musee-au-coeur-dune-zone-de-deal\" class=\"h-flex h-align-items-center h-border-tb h-ptb-15\" rel=\"nofollow noopener\" target=\"_blank\">A\u00a0LIRE\u00a0Lutte contre le trafic de drogue : Rennes investit 2,5 millions d\u2019euros dans un mus\u00e9e au c\u0153ur d\u2019une zone de deal<\/a><b>Un symbole d\u2019impuissance locale<\/b><\/p>\n<p>Pour Thomas Rousseau, du mouvement L\u2019Espoir Rennais, <a href=\"https:\/\/x.com\/ThomasR2020\/status\/1975955231331520721\" target=\"_blank\" rel=\"nofollow noopener\">la situation \u00e9tait devenue intenable<\/a>. Face \u00e0 une telle urgence humanitaire, il regrette \u00ab l\u2019inaction persistante de la municipalit\u00e9 \u00bb. Le \u00ab manque de courage des \u00e9lus \u00bb est selon lui catastrophique, compte tenu du climat d\u2019ins\u00e9curit\u00e9 autour du parc, de la d\u00e9gradation de la qualit\u00e9 de vie ou des probl\u00e8mes d\u2019hygi\u00e8ne.<\/p>\n<p>Deux ans plus t\u00f4t, un campement similaire avait d\u00e9j\u00e0 \u00e9t\u00e9 \u00e9vacu\u00e9 au m\u00eame endroit, \u00e9galement \u00e0 cause d\u2019une temp\u00eate, avant de retrouver, au printemps, une nouvelle population. Ainsi ce jeudi matin les tentes ont disparu, mais la question reste la m\u00eame : quel sursis avant que le parc de Maurepas ne redevienne le th\u00e9\u00e2tre des m\u00eames urgences et des m\u00eames impasses ?<\/p>\n","protected":false},"excerpt":{"rendered":"L\u2019annonce a \u00e9t\u00e9 faite mercredi apr\u00e8s-midi, vers 17 h 30, aux r\u00e9sidents du camp. Certains ont alors d\u00e9m\u00e9nag\u00e9&hellip;\n","protected":false},"author":2,"featured_media":485467,"comment_status":"","ping_status":"","sticky":false,"template":"","format":"standard","meta":{"footnotes":""},"categories":[2821],"tags":[1111,11,829,60888,24917,1777,674,1011,27,19351,8721,12,584,25,7747],"class_list":{"0":"post-485466","1":"post","2":"type-post","3":"status-publish","4":"format-standard","5":"has-post-thumbnail","7":"category-rennes","8":"tag-actu","9":"tag-actualites","10":"tag-bretagne","11":"tag-centre-daccueil-pour-migrants","12":"tag-crise-migratoire","13":"tag-eu","14":"tag-europe","15":"tag-fr","16":"tag-france","17":"tag-mineurs-isoles","18":"tag-narcotrafic","19":"tag-news","20":"tag-rennes","21":"tag-republique-francaise","22":"tag-tempete"},"share_on_mastodon":{"url":"https:\/\/pubeurope.com\/@fr\/115426100041614005","error":""},"_links":{"self":[{"href":"https:\/\/www.europesays.com\/fr\/wp-json\/wp\/v2\/posts\/485466","targetHints":{"allow":["GET"]}}],"collection":[{"href":"https:\/\/www.europesays.com\/fr\/wp-json\/wp\/v2\/posts"}],"about":[{"href":"https:\/\/www.europesays.com\/fr\/wp-json\/wp\/v2\/types\/post"}],"author":[{"embeddable":true,"href":"https:\/\/www.europesays.com\/fr\/wp-json\/wp\/v2\/users\/2"}],"replies":[{"embeddable":true,"href":"https:\/\/www.europesays.com\/fr\/wp-json\/wp\/v2\/comments?post=485466"}],"version-history":[{"count":0,"href":"https:\/\/www.europesays.com\/fr\/wp-json\/wp\/v2\/posts\/485466\/revisions"}],"wp:featuredmedia":[{"embeddable":true,"href":"https:\/\/www.europesays.com\/fr\/wp-json\/wp\/v2\/media\/485467"}],"wp:attachment":[{"href":"https:\/\/www.europesays.com\/fr\/wp-json\/wp\/v2\/media?parent=485466"}],"wp:term":[{"taxonomy":"category","embeddable":true,"href":"https:\/\/www.europesays.com\/fr\/wp-json\/wp\/v2\/categories?post=485466"},{"taxonomy":"post_tag","embeddable":true,"href":"https:\/\/www.europesays.com\/fr\/wp-json\/wp\/v2\/tags?post=485466"}],"curies":[{"name":"wp","href":"https:\/\/api.w.org\/{rel}","templated":true}]}}