{"id":485470,"date":"2025-10-23T23:35:11","date_gmt":"2025-10-23T23:35:11","guid":{"rendered":"https:\/\/www.europesays.com\/fr\/485470\/"},"modified":"2025-10-23T23:35:11","modified_gmt":"2025-10-23T23:35:11","slug":"previsions-du-vendredi-24-octobre-2025-2","status":"publish","type":"post","link":"https:\/\/www.europesays.com\/fr\/485470\/","title":{"rendered":"pr\u00e9visions du vendredi 24 octobre 2025"},"content":{"rendered":"<p class=\"mb-4 text-lg md:leading-8 break-words\"><strong>M\u00e9t\u00e9o &#8211; Encore de la grisaille aujourd&rsquo;hui. Les nuages vont stationner. Des pluies \u00e9parses sont pr\u00e9vues. Les temp\u00e9ratures seront de 9\u00b0C le matin et de 11\u00b0C l&rsquo;apr\u00e8s-midi&#8230;<\/strong><\/p>\n<p class=\"mb-4 text-lg md:leading-8 break-words\">\u00c0 Strasbourg, la journ\u00e9e va rester couverte \u00e0 cause de nuages qui se maintiennent dans le ciel. Des pluies \u00e9parses vont tomber sur la ville. Le thermom\u00e8tre affichera 10\u00b0C en moyenne. Un vent de sud-ouest soufflera \u00e0 25 km\/h. Dans la matin\u00e9e, les temp\u00e9ratures tourneront autour des 9\u00b0C. L&rsquo;apr\u00e8s-midi, le soleil sera cach\u00e9 derri\u00e8re des nuages. Les maximales pourront atteindre 12\u00b0C tandis que les minimales seront de 9\u00b0C. Le soir, toujours des nuages dans le ciel qui emp\u00eachent le soleil d&rsquo;appara\u00eetre. Il faudra pr\u00e9voir des perturbations, les Strasbourgeois se retrouveront sous des pluies \u00e9parses. On attend une nuit avec un ciel assez pluvieux.<\/p>\n<p class=\"mb-4 text-lg md:leading-8 break-words\">Le soleil se fera d\u00e9sirer demain sur Strasbourg, o\u00f9 des nuages sont bien install\u00e9s. Il va pleuvoir. L&rsquo;air ambiant va se r\u00e9chauffer avec une augmentation de quelques degr\u00e9s. On anticipe des temp\u00e9ratures avoisinant 11\u00b0C. La ville sera touch\u00e9e par un vent de sud-ouest de 22 km\/h. Les nuages \u00e0 pr\u00e9voir le matin, et un ciel encore gris. Il fera en moyenne 10\u00b0C. Le soleil peinera \u00e0 percer au milieu des nuages qui subsisteront dans l&rsquo;apr\u00e8s-midi. Les valeurs seront de 10\u00b0C au minimum et de 13\u00b0C au plus haut. La grisaille ne se dissipe toujours pas, il va y avoir encore des nuages demain soir. Il faudra pr\u00e9voir son parapluie pour s&rsquo;abriter des pluies \u00e9parses. Les temp\u00e9ratures avoisineront les 10\u00b0C.<\/p>\n<p class=\"mb-4 text-lg md:leading-8 break-words\">Pour la suite, la m\u00e9t\u00e9o ne bougera pas. Pr\u00e9voyez 8\u00b0C en moyenne qui accompagneront des journ\u00e9es pluvieuses.<\/p>\n<p class=\"mb-4 text-lg md:leading-8 break-words\"><a href=\"https:\/\/www.20minutes.fr\/planete\/previsions-meteo\/4181313-20251024-meteo-strasbourg-previsions-vendredi-24-octobre-2025?at_medium=RSS%20feed&amp;at_campaign=ynews&amp;utm_source=yahoo&amp;utm_medium=rss&amp;utm_campaign=news_feed&amp;utm_content=read_more_link&quot;\" rel=\"nofollow noopener\" target=\"_blank\" data-ylk=\"slk:Lire la suite sur 20minutes;elm:context_link;itc:0;sec:content-canvas\" class=\"link \">Lire la suite sur 20minutes<\/a><\/p>\n","protected":false},"excerpt":{"rendered":"M\u00e9t\u00e9o &#8211; Encore de la grisaille aujourd&rsquo;hui. Les nuages vont stationner. Des pluies \u00e9parses sont pr\u00e9vues. Les temp\u00e9ratures&hellip;\n","protected":false},"author":2,"featured_media":485471,"comment_status":"","ping_status":"","sticky":false,"template":"","format":"standard","meta":{"footnotes":""},"categories":[2820],"tags":[1111,11,1777,674,1011,27,775,6172,12,25,640],"class_list":{"0":"post-485470","1":"post","2":"type-post","3":"status-publish","4":"format-standard","5":"has-post-thumbnail","7":"category-strasbourg","8":"tag-actu","9":"tag-actualites","10":"tag-eu","11":"tag-europe","12":"tag-fr","13":"tag-france","14":"tag-grand-est","15":"tag-le-soleil","16":"tag-news","17":"tag-republique-francaise","18":"tag-strasbourg"},"share_on_mastodon":{"url":"","error":""},"_links":{"self":[{"href":"https:\/\/www.europesays.com\/fr\/wp-json\/wp\/v2\/posts\/485470","targetHints":{"allow":["GET"]}}],"collection":[{"href":"https:\/\/www.europesays.com\/fr\/wp-json\/wp\/v2\/posts"}],"about":[{"href":"https:\/\/www.europesays.com\/fr\/wp-json\/wp\/v2\/types\/post"}],"author":[{"embeddable":true,"href":"https:\/\/www.europesays.com\/fr\/wp-json\/wp\/v2\/users\/2"}],"replies":[{"embeddable":true,"href":"https:\/\/www.europesays.com\/fr\/wp-json\/wp\/v2\/comments?post=485470"}],"version-history":[{"count":0,"href":"https:\/\/www.europesays.com\/fr\/wp-json\/wp\/v2\/posts\/485470\/revisions"}],"wp:featuredmedia":[{"embeddable":true,"href":"https:\/\/www.europesays.com\/fr\/wp-json\/wp\/v2\/media\/485471"}],"wp:attachment":[{"href":"https:\/\/www.europesays.com\/fr\/wp-json\/wp\/v2\/media?parent=485470"}],"wp:term":[{"taxonomy":"category","embeddable":true,"href":"https:\/\/www.europesays.com\/fr\/wp-json\/wp\/v2\/categories?post=485470"},{"taxonomy":"post_tag","embeddable":true,"href":"https:\/\/www.europesays.com\/fr\/wp-json\/wp\/v2\/tags?post=485470"}],"curies":[{"name":"wp","href":"https:\/\/api.w.org\/{rel}","templated":true}]}}