{"id":485476,"date":"2025-10-23T23:38:14","date_gmt":"2025-10-23T23:38:14","guid":{"rendered":"https:\/\/www.europesays.com\/fr\/485476\/"},"modified":"2025-10-23T23:38:14","modified_gmt":"2025-10-23T23:38:14","slug":"le-policier-tabasse-par-trois-individus-a-recu-le-soutien-du-ministre-de-linterieur","status":"publish","type":"post","link":"https:\/\/www.europesays.com\/fr\/485476\/","title":{"rendered":"Le policier tabass\u00e9 par trois individus a re\u00e7u le soutien du ministre de l\u2019Int\u00e9rieur"},"content":{"rendered":"<p>Ce policier de 53\u00a0ans a l\u2019habitude de traverser la gare pour arriver au commissariat situ\u00e9 juste \u00e0 c\u00f4t\u00e9. Mais ce samedi matin, peu avant 7\u00a0heures, il voit un groupe de personnes manifestement en \u00e9tat d\u2019\u00e9bri\u00e9t\u00e9 sur les rails. Il leur demande donc de remonter sur les quais. Sans succ\u00e8s. Il explique alors qu\u2019il est policier et qu\u2019il va appeler ses coll\u00e8gues si jamais ils ne quittent pas la voie ferr\u00e9e. Les insultes ont commenc\u00e9 \u00e0 pleuvoir. \u00a0Trois individus se sont d\u00e9tach\u00e9s du groupe et ont commenc\u00e9 \u00e0 le frapper. Il est tomb\u00e9 au sol, et les coups de poing et coups de pied ont continu\u00e9. Deux personnes se sont extraites du groupe et sont venues chercher nos coll\u00e8gues au commissariat\u00a0, raconte S\u00e9bastien Cossec, adjoint du commissaire de La Baule.<\/p>\n<p>Fractures et dents cass\u00e9es<\/p>\n<p>Les effectifs venus en renfort sont parvenus \u00e0 interpeller deux des agresseurs tandis que le troisi\u00e8me l\u2019a \u00e9t\u00e9 ce jeudi 23\u00a0octobre 2025 au matin. \u00a0Ce sont des gens d\u2019une vingtaine d\u2019ann\u00e9es venus de Nantes pour passer la soir\u00e9e ici. Ils s\u2019appr\u00eataient \u00e0 prendre un train pour rentrer.\u00a0<\/p>\n<p>La victime a \u00e9t\u00e9 hospitalis\u00e9e et est depuis sortie. Elle souffre de fractures du nez, du plancher orbital, a des dents cass\u00e9es et une arcade ouverte. \u00a0Notre coll\u00e8gue a re\u00e7u les appels du pr\u00e9fet et du ministre de l\u2019Int\u00e9rieur Laurent Nunez. Le maire de La Baule et le pr\u00e9fet sont venus au commissariat lundi nous assurer de leur soutien, ce qui a \u00e9t\u00e9 tr\u00e8s appr\u00e9ci\u00e9 par tous\u00a0, pr\u00e9cise S\u00e9bastien Cossec.<\/p>\n<p><strong>A LIRE AUSSI\u00a0:<\/strong>\u00a0<a href=\"https:\/\/labaule.maville.com\/actu\/actudet_-dans-cette-ville-cotiere-un-controle-routier-pour-lutter-contre-les-cambriolages-_8-7025231_actu.Htm\" target=\"_self\" rel=\"noopener\">Dans cette ville c\u00f4ti\u00e8re, un contr\u00f4le routier pour lutter contre les cambriolages<\/a><\/p>\n<p>\u00a0<\/p>\n","protected":false},"excerpt":{"rendered":"Ce policier de 53\u00a0ans a l\u2019habitude de traverser la gare pour arriver au commissariat situ\u00e9 juste \u00e0 c\u00f4t\u00e9.&hellip;\n","protected":false},"author":2,"featured_media":485477,"comment_status":"","ping_status":"","sticky":false,"template":"","format":"standard","meta":{"footnotes":""},"categories":[2818],"tags":[1111,11,1777,674,1011,27,20099,16978,3784,766,12,2636,10910,10621,25,7618,60889],"class_list":{"0":"post-485476","1":"post","2":"type-post","3":"status-publish","4":"format-standard","5":"has-post-thumbnail","7":"category-nantes","8":"tag-actu","9":"tag-actualites","10":"tag-eu","11":"tag-europe","12":"tag-fr","13":"tag-france","14":"tag-individus","15":"tag-interieur","16":"tag-ministre","17":"tag-nantes","18":"tag-news","19":"tag-pays-de-la-loire","20":"tag-policier","21":"tag-recu","22":"tag-republique-francaise","23":"tag-soutien","24":"tag-tabasse"},"share_on_mastodon":{"url":"https:\/\/pubeurope.com\/@fr\/115426119110850968","error":""},"_links":{"self":[{"href":"https:\/\/www.europesays.com\/fr\/wp-json\/wp\/v2\/posts\/485476","targetHints":{"allow":["GET"]}}],"collection":[{"href":"https:\/\/www.europesays.com\/fr\/wp-json\/wp\/v2\/posts"}],"about":[{"href":"https:\/\/www.europesays.com\/fr\/wp-json\/wp\/v2\/types\/post"}],"author":[{"embeddable":true,"href":"https:\/\/www.europesays.com\/fr\/wp-json\/wp\/v2\/users\/2"}],"replies":[{"embeddable":true,"href":"https:\/\/www.europesays.com\/fr\/wp-json\/wp\/v2\/comments?post=485476"}],"version-history":[{"count":0,"href":"https:\/\/www.europesays.com\/fr\/wp-json\/wp\/v2\/posts\/485476\/revisions"}],"wp:featuredmedia":[{"embeddable":true,"href":"https:\/\/www.europesays.com\/fr\/wp-json\/wp\/v2\/media\/485477"}],"wp:attachment":[{"href":"https:\/\/www.europesays.com\/fr\/wp-json\/wp\/v2\/media?parent=485476"}],"wp:term":[{"taxonomy":"category","embeddable":true,"href":"https:\/\/www.europesays.com\/fr\/wp-json\/wp\/v2\/categories?post=485476"},{"taxonomy":"post_tag","embeddable":true,"href":"https:\/\/www.europesays.com\/fr\/wp-json\/wp\/v2\/tags?post=485476"}],"curies":[{"name":"wp","href":"https:\/\/api.w.org\/{rel}","templated":true}]}}