{"id":485492,"date":"2025-10-23T23:48:14","date_gmt":"2025-10-23T23:48:14","guid":{"rendered":"https:\/\/www.europesays.com\/fr\/485492\/"},"modified":"2025-10-23T23:48:14","modified_gmt":"2025-10-23T23:48:14","slug":"la-piste-criminelle-etudiee-en-raison-dun-temoignage-troublant","status":"publish","type":"post","link":"https:\/\/www.europesays.com\/fr\/485492\/","title":{"rendered":"la piste criminelle \u00e9tudi\u00e9e en raison d&rsquo;un t\u00e9moignage troublant"},"content":{"rendered":"<p itemprop=\"description\"><strong>La piste criminelle est d\u00e9sormais \u00e9tudi\u00e9e dans l\u2019enqu\u00eate sur l\u2019incendie mortel de la Part-Dieu.<\/strong><\/p>\n<p>Pour rappel, deux hommes et de femmes sont mortes dans l\u2019incendie de la cave qu\u2019ils squattaient.<\/p>\n<p>Selon le Progr\u00e8s, les enqu\u00eateurs se penche sur la piste criminelle en raison d\u2019un t\u00e9moignage qui ferait \u00e9tat du d\u00e9part pr\u00e9cipit\u00e9 de plusieurs individus au moment du d\u00e9part des flammes.<\/p>\n<p>Ce t\u00e9moignage reste \u00e0 confirmer. La police continue, en parall\u00e8le, de v\u00e9rifier la piste de l\u2019incident \u00e9lectrique, dans une enqu\u00eate qui s\u2019annonce longue.<\/p>\n","protected":false},"excerpt":{"rendered":"La piste criminelle est d\u00e9sormais \u00e9tudi\u00e9e dans l\u2019enqu\u00eate sur l\u2019incendie mortel de la Part-Dieu. Pour rappel, deux hommes&hellip;\n","protected":false},"author":2,"featured_media":485493,"comment_status":"","ping_status":"","sticky":false,"template":"","format":"standard","meta":{"footnotes":""},"categories":[1889],"tags":[1111,11,2813,2190,2430,1109,251,1112,2811,1777,674,118,1011,27,1922,1110,1114,2428,2810,12,241,316,25,2812,517,800],"class_list":{"0":"post-485492","1":"post","2":"type-post","3":"status-publish","4":"format-standard","5":"has-post-thumbnail","7":"category-lyon","8":"tag-actu","9":"tag-actualites","10":"tag-article","11":"tag-asvel","12":"tag-auvergne-rhone-alpes","13":"tag-breves","14":"tag-culture","15":"tag-depeches","16":"tag-economique","17":"tag-eu","18":"tag-europe","19":"tag-faits-divers","20":"tag-fr","21":"tag-france","22":"tag-info","23":"tag-informations","24":"tag-infos","25":"tag-lyon","26":"tag-lyonmag","27":"tag-news","28":"tag-ol","29":"tag-politique","30":"tag-republique-francaise","31":"tag-sociale","32":"tag-sport","33":"tag-transports"},"share_on_mastodon":{"url":"https:\/\/pubeurope.com\/@fr\/115426158502316515","error":""},"_links":{"self":[{"href":"https:\/\/www.europesays.com\/fr\/wp-json\/wp\/v2\/posts\/485492","targetHints":{"allow":["GET"]}}],"collection":[{"href":"https:\/\/www.europesays.com\/fr\/wp-json\/wp\/v2\/posts"}],"about":[{"href":"https:\/\/www.europesays.com\/fr\/wp-json\/wp\/v2\/types\/post"}],"author":[{"embeddable":true,"href":"https:\/\/www.europesays.com\/fr\/wp-json\/wp\/v2\/users\/2"}],"replies":[{"embeddable":true,"href":"https:\/\/www.europesays.com\/fr\/wp-json\/wp\/v2\/comments?post=485492"}],"version-history":[{"count":0,"href":"https:\/\/www.europesays.com\/fr\/wp-json\/wp\/v2\/posts\/485492\/revisions"}],"wp:featuredmedia":[{"embeddable":true,"href":"https:\/\/www.europesays.com\/fr\/wp-json\/wp\/v2\/media\/485493"}],"wp:attachment":[{"href":"https:\/\/www.europesays.com\/fr\/wp-json\/wp\/v2\/media?parent=485492"}],"wp:term":[{"taxonomy":"category","embeddable":true,"href":"https:\/\/www.europesays.com\/fr\/wp-json\/wp\/v2\/categories?post=485492"},{"taxonomy":"post_tag","embeddable":true,"href":"https:\/\/www.europesays.com\/fr\/wp-json\/wp\/v2\/tags?post=485492"}],"curies":[{"name":"wp","href":"https:\/\/api.w.org\/{rel}","templated":true}]}}