{"id":485498,"date":"2025-10-23T23:52:12","date_gmt":"2025-10-23T23:52:12","guid":{"rendered":"https:\/\/www.europesays.com\/fr\/485498\/"},"modified":"2025-10-23T23:52:12","modified_gmt":"2025-10-23T23:52:12","slug":"on-a-vu-quelque-chose-de-tres-violent-raconte-une-surveillante-qui-a-assiste-au-casse","status":"publish","type":"post","link":"https:\/\/www.europesays.com\/fr\/485498\/","title":{"rendered":"\u00ab\u00a0On a vu quelque chose de tr\u00e8s violent\u00a0\u00bb, raconte une surveillante qui a assist\u00e9 au casse"},"content":{"rendered":"<p>      lire plus tard<\/p>\n<p id=\"dialog__title\" class=\"dialog__title\">Pour sauvegarder cet article, connectez-vous ou cr\u00e9ez un compte franceinfo<\/p>\n<p class=\"dialog__description\">Sans paiement. Sans abonnement.<\/p>\n<p>        Fermer la fen\u00eatre d\u2019activation des notifications France Info<\/p>\n<p>      cr\u00e9er votre compte<\/p>\n<p>      se connecter<\/p>\n<p>        Fermer la fen\u00eatre de pr\u00e9sentation<\/p>\n<p>    Publi\u00e9 le 23\/10\/2025 23:05<\/p>\n<p>      Mis \u00e0 jour le 23\/10\/2025 23:05<\/p>\n<p>        Temps de lecture : 2min &#8211; vid\u00e9o : 3min<\/p>\n<p>    <img decoding=\"async\" class=\"francetv-player-wrapper__image\" alt=\"Cambriolage au Louvre : &quot;On a vu quelque chose de tr\u00e8s violent&quot;, raconte une surveillante qui a assist\u00e9 au casse\"  width=\"432\" height=\"243\" src=\"https:\/\/www.europesays.com\/fr\/wp-content\/uploads\/2025\/10\/braquage-louvre-68fa98463620a994368890.jpg\" fetchpriority=\"high\"\/><\/p>\n<p>              Cambriolage au Louvre : \u00ab\u00a0On a vu quelque chose de tr\u00e8s violent\u00a0\u00bb, raconte une surveillante qui a assist\u00e9 au casse<br \/>\n                    (France 2)<\/p>\n<p>      3min<\/p>\n<p>\n  L&rsquo;enqu\u00eate sur le cambriolage du Mus\u00e9e du Louvre se pr\u00e9cise. Les images de vid\u00e9osurveillance et plusieurs t\u00e9moignages permettent de retracer le d\u00e9roul\u00e9 du casse. Une surveillante du mus\u00e9e a \u00e9galement accept\u00e9 de se livrer ce jeudi soir \u00e0 France T\u00e9l\u00e9visions.\n<\/p>\n<p><strong>Ce texte correspond \u00e0 une partie de la retranscription du reportage ci-dessus. Cliquez sur la vid\u00e9o pour la regarder dans son int\u00e9gralit\u00e9.<\/strong><\/p>\n<p>Sur des images, les vigiles impuissants filment les deux malfaiteurs qui quittent le Louvre. Ils s&rsquo;enfuient \u00e0 bord de deux scooters, seulement quelques secondes avant l&rsquo;arriv\u00e9e de la police. Au m\u00eame moment, l&rsquo;alerte est donn\u00e9e dans le mus\u00e9e. C&rsquo;est la panique. \u00c0 l&rsquo;\u00e9tage, l\u00e0 o\u00f9 les <a href=\"https:\/\/www.franceinfo.fr\/faits-divers\/cambriolage-au-musee-du-louvre\/cambriolage-au-louvre-le-fabricant-du-monte-charge-utilise-durant-le-casse-prone-la-qualite-de-son-materiel-avec-un-peu-d-humour_7570369.html\" target=\"_self\" rel=\"noopener noreferrer nofollow\" data-tooltip-url=\"https:\/\/www.franceinfo.fr\/faits-divers\/cambriolage-au-musee-du-louvre\/cambriolage-au-louvre-le-fabricant-du-monte-charge-utilise-durant-le-casse-prone-la-qualite-de-son-materiel-avec-un-peu-d-humour_7570369.html\">cambrioleurs<\/a> ont fait irruption, une agente de surveillance vient tout juste de prendre son service. Nous avons pu la joindre par t\u00e9l\u00e9phone.<\/p>\n<p>\u00ab\u00a0On \u00e9tait trois \u00e0 ce niveau de la galerie. Et donc on a vu quelque chose de tr\u00e8s violent. Une \u00e9ruption tr\u00e8s violente, le bruit, mais sans qu&rsquo;on puisse interpr\u00e9ter ce que c&rsquo;\u00e9tait. On pouvait penser que c&rsquo;\u00e9tait, comme \u00e7a peut arriver, un visiteur qui s&rsquo;\u00e9nerve et p\u00e8te un c\u00e2ble. On a compris quasiment simultan\u00e9ment que c&rsquo;\u00e9tait un braquage. Donc, on a, en quelques secondes, \u00e9vacu\u00e9 tout ce qui \u00e9tait pr\u00e9sent dans la galerie et on a ferm\u00e9 toutes les portes interm\u00e9diaires de fa\u00e7on \u00e0 ne pas permettre aux intrus de se rendre dans les autres salles\u00a0\u00bb, raconte-t-elle.<\/p>\n<p>Le cambriolage aura dur\u00e9 moins de cinq minutes. \u00c0 9h34, deux hommes se hissent au premier \u00e9tage. \u00c0 9h35, ils brisent la vitre, entrent dans la galerie et s&rsquo;attaquent aux vitrines qui prot\u00e8gent les bijoux. Jean-Michel Decugis, journaliste sp\u00e9cialiste Police-Justice au Parisien, a pu visionner les images de la vid\u00e9osurveillance du Louvre : \u00ab\u00a0Les vitrines r\u00e9sistent, on le voit. Ils cherchent des outils, ils ont la disqueuse, mais ils cherchent d&rsquo;autres outils\u00a0\u00bb, d\u00e9taille-t-il, pr\u00e9cisant que l&rsquo;un des malfaiteurs \u00ab\u00a0va arriver \u00e0 faire un orifice, mais apr\u00e8s avoir donn\u00e9 de gros coups de coudes dans la vitrine\u00a0\u00bb.<\/p>\n<p> \u00c0 9h36, deux agents de surveillance tentent d&rsquo;intervenir, s&rsquo;avancent vers les voleurs puis reculent, de peur qu&rsquo;ils ne soient arm\u00e9s. Les malfaiteurs, en leur pr\u00e9sence, continuent \u00e0 s&rsquo;attaquer aux vitrines. \u00ab\u00a0On voit sa main se faufiler et r\u00e9cup\u00e9rer les bijoux et les mettre dans une esp\u00e8ce de besace. Et l&rsquo;autre, encore plus fort, donne carr\u00e9ment des coups d&rsquo;\u00e9paule comme un rugbyman\u00a0\u00bb, se souvient encore le journaliste.<\/p>\n<p>\u00c0 9h38, les deux voleurs prennent la fuite en courant. \u00ab\u00a0Les bijoux vont tomber par terre, ils vont les ramasser, le malfaiteur casqu\u00e9 va carr\u00e9ment partir en bascule, la t\u00eate en avant sur la nacelle. Il ne prend m\u00eame pas le temps d&rsquo;enjamber, il se balance, donc il y a vraiment une urgence\u00a0\u00bb, ajoute Jean-Michel Decugis.<\/p>\n<p>Quatre jours apr\u00e8s ce spectaculaire cambriolage, l&rsquo;enqu\u00eate se poursuit, les quatre malfaiteurs courent toujours.<\/p>\n","protected":false},"excerpt":{"rendered":"lire plus tard Pour sauvegarder cet article, connectez-vous ou cr\u00e9ez un compte franceinfo Sans paiement. Sans abonnement. Fermer&hellip;\n","protected":false},"author":2,"featured_media":485499,"comment_status":"","ping_status":"","sticky":false,"template":"","format":"standard","meta":{"footnotes":""},"categories":[1888],"tags":[1111,1928,11,1927,1777,674,1011,27,12,1926,626,1925,25],"class_list":{"0":"post-485498","1":"post","2":"type-post","3":"status-publish","4":"format-standard","5":"has-post-thumbnail","7":"category-paris","8":"tag-actu","9":"tag-actu-paris","10":"tag-actualites","11":"tag-actualites-paris","12":"tag-eu","13":"tag-europe","14":"tag-fr","15":"tag-france","16":"tag-news","17":"tag-news-paris","18":"tag-paris","19":"tag-paris-news","20":"tag-republique-francaise"},"share_on_mastodon":{"url":"https:\/\/pubeurope.com\/@fr\/115426174850397481","error":""},"_links":{"self":[{"href":"https:\/\/www.europesays.com\/fr\/wp-json\/wp\/v2\/posts\/485498","targetHints":{"allow":["GET"]}}],"collection":[{"href":"https:\/\/www.europesays.com\/fr\/wp-json\/wp\/v2\/posts"}],"about":[{"href":"https:\/\/www.europesays.com\/fr\/wp-json\/wp\/v2\/types\/post"}],"author":[{"embeddable":true,"href":"https:\/\/www.europesays.com\/fr\/wp-json\/wp\/v2\/users\/2"}],"replies":[{"embeddable":true,"href":"https:\/\/www.europesays.com\/fr\/wp-json\/wp\/v2\/comments?post=485498"}],"version-history":[{"count":0,"href":"https:\/\/www.europesays.com\/fr\/wp-json\/wp\/v2\/posts\/485498\/revisions"}],"wp:featuredmedia":[{"embeddable":true,"href":"https:\/\/www.europesays.com\/fr\/wp-json\/wp\/v2\/media\/485499"}],"wp:attachment":[{"href":"https:\/\/www.europesays.com\/fr\/wp-json\/wp\/v2\/media?parent=485498"}],"wp:term":[{"taxonomy":"category","embeddable":true,"href":"https:\/\/www.europesays.com\/fr\/wp-json\/wp\/v2\/categories?post=485498"},{"taxonomy":"post_tag","embeddable":true,"href":"https:\/\/www.europesays.com\/fr\/wp-json\/wp\/v2\/tags?post=485498"}],"curies":[{"name":"wp","href":"https:\/\/api.w.org\/{rel}","templated":true}]}}