{"id":485500,"date":"2025-10-23T23:53:11","date_gmt":"2025-10-23T23:53:11","guid":{"rendered":"https:\/\/www.europesays.com\/fr\/485500\/"},"modified":"2025-10-23T23:53:11","modified_gmt":"2025-10-23T23:53:11","slug":"previsions-du-vendredi-24-octobre-2025-6","status":"publish","type":"post","link":"https:\/\/www.europesays.com\/fr\/485500\/","title":{"rendered":"pr\u00e9visions du vendredi 24 octobre 2025"},"content":{"rendered":"<p class=\"mb-4 text-lg md:leading-8 break-words\"><strong>M\u00e9t\u00e9o &#8211; Le soleil fera d\u00e9faut aujourd&rsquo;hui, car le ciel sera couvert par des nuages. Il faudra emporter son parapluie pour se prot\u00e9ger des pluies \u00e9parses. Les temp\u00e9ratures seront de 10\u00b0C la matin\u00e9e et de 13\u00b0C l&rsquo;apr\u00e8s-midi&#8230;<\/strong><\/p>\n<p class=\"mb-4 text-lg md:leading-8 break-words\">Les nuages seront peu \u00e0 peu visibles au cours de la journ\u00e9e sur Paris. Les valeurs avoisineront les 11\u00b0C. Un vent de sud-ouest, enregistrant 22 km\/h, soufflera. En revanche, la m\u00e9t\u00e9o devrait s&rsquo;am\u00e9liorer pendant la matin\u00e9e. Les maximales iront jusqu&rsquo;\u00e0 12\u00b0C alors que les minimales seront de 8\u00b0C. L&rsquo;arriv\u00e9e du soleil l&rsquo;apr\u00e8s-midi sera retard\u00e9e par un bon nombre de nuages. Du mauvais temps est \u00e0 pr\u00e9voir. Des pluies \u00e9parses vont tomber. Les temp\u00e9ratures seront de 12\u00b0C au minimum et de 14\u00b0C au plus haut. Intemp\u00e9ries : on annonce des pluies \u00e9parses pour le soir. Les valeurs s&rsquo;\u00e9chelonneront de 11 \u00e0 12\u00b0C. Le passage de vendredi \u00e0 samedi s&rsquo;effectuera sous un ciel limpide.<\/p>\n<p class=\"mb-4 text-lg md:leading-8 break-words\">Demain, des nuages feront leur apparition sur Paris. C&rsquo;est une hausse de quelques degr\u00e9s que vont conna\u00eetre les temp\u00e9ratures. On anticipe des temp\u00e9ratures d&rsquo;environ 12\u00b0C. D&rsquo;un autre c\u00f4t\u00e9, on pr\u00e9voit des \u00e9claircies pour cette matin\u00e9e. Il va faire 11\u00b0C en moyenne. La ville sera touch\u00e9e par un vent de sud-ouest de 20 km\/h. Demain apr\u00e8s-midi, le soleil risque d&rsquo;\u00eatre cach\u00e9 par des nuages. Il va pleuvoir. Les valeurs s&rsquo;\u00e9chelonneront entre 12 et 15\u00b0C. Un petit vent d&rsquo;ouest sera ressenti par les habitants. Les nuages \u00e0 pr\u00e9voir demain soir, et un ciel encore gris. Les temp\u00e9ratures avoisineront les 11\u00b0C. Un vent de nord-ouest soufflera l\u00e9g\u00e8rement, avec 16 km\/h.<\/p>\n<p class=\"mb-4 text-lg md:leading-8 break-words\">Les jours suivants s&rsquo;annoncent identiques. Un ciel pluvieux, pour des temp\u00e9ratures de 11\u00b0C environ, est \u00e0 pr\u00e9voir.<\/p>\n<p class=\"mb-4 text-lg md:leading-8 break-words\"><a href=\"https:\/\/www.20minutes.fr\/planete\/previsions-meteo\/4181306-20251024-meteo-paris-previsions-vendredi-24-octobre-2025?at_medium=RSS%20feed&amp;at_campaign=ynews&amp;utm_source=yahoo&amp;utm_medium=rss&amp;utm_campaign=news_feed&amp;utm_content=read_more_link&quot;\" rel=\"nofollow noopener\" target=\"_blank\" data-ylk=\"slk:Lire la suite sur 20minutes;elm:context_link;itc:0;sec:content-canvas\" class=\"link \">Lire la suite sur 20minutes<\/a><\/p>\n","protected":false},"excerpt":{"rendered":"M\u00e9t\u00e9o &#8211; Le soleil fera d\u00e9faut aujourd&rsquo;hui, car le ciel sera couvert par des nuages. Il faudra emporter&hellip;\n","protected":false},"author":2,"featured_media":485501,"comment_status":"","ping_status":"","sticky":false,"template":"","format":"standard","meta":{"footnotes":""},"categories":[1888],"tags":[1111,1928,11,1927,1777,674,1011,27,51394,12,1926,626,1925,25],"class_list":{"0":"post-485500","1":"post","2":"type-post","3":"status-publish","4":"format-standard","5":"has-post-thumbnail","7":"category-paris","8":"tag-actu","9":"tag-actu-paris","10":"tag-actualites","11":"tag-actualites-paris","12":"tag-eu","13":"tag-europe","14":"tag-fr","15":"tag-france","16":"tag-la-matinee","17":"tag-news","18":"tag-news-paris","19":"tag-paris","20":"tag-paris-news","21":"tag-republique-francaise"},"share_on_mastodon":{"url":"https:\/\/pubeurope.com\/@fr\/115426178157428539","error":""},"_links":{"self":[{"href":"https:\/\/www.europesays.com\/fr\/wp-json\/wp\/v2\/posts\/485500","targetHints":{"allow":["GET"]}}],"collection":[{"href":"https:\/\/www.europesays.com\/fr\/wp-json\/wp\/v2\/posts"}],"about":[{"href":"https:\/\/www.europesays.com\/fr\/wp-json\/wp\/v2\/types\/post"}],"author":[{"embeddable":true,"href":"https:\/\/www.europesays.com\/fr\/wp-json\/wp\/v2\/users\/2"}],"replies":[{"embeddable":true,"href":"https:\/\/www.europesays.com\/fr\/wp-json\/wp\/v2\/comments?post=485500"}],"version-history":[{"count":0,"href":"https:\/\/www.europesays.com\/fr\/wp-json\/wp\/v2\/posts\/485500\/revisions"}],"wp:featuredmedia":[{"embeddable":true,"href":"https:\/\/www.europesays.com\/fr\/wp-json\/wp\/v2\/media\/485501"}],"wp:attachment":[{"href":"https:\/\/www.europesays.com\/fr\/wp-json\/wp\/v2\/media?parent=485500"}],"wp:term":[{"taxonomy":"category","embeddable":true,"href":"https:\/\/www.europesays.com\/fr\/wp-json\/wp\/v2\/categories?post=485500"},{"taxonomy":"post_tag","embeddable":true,"href":"https:\/\/www.europesays.com\/fr\/wp-json\/wp\/v2\/tags?post=485500"}],"curies":[{"name":"wp","href":"https:\/\/api.w.org\/{rel}","templated":true}]}}