{"id":485510,"date":"2025-10-23T23:58:11","date_gmt":"2025-10-23T23:58:11","guid":{"rendered":"https:\/\/www.europesays.com\/fr\/485510\/"},"modified":"2025-10-23T23:58:11","modified_gmt":"2025-10-23T23:58:11","slug":"sur-fond-de-guerre-commerciale-trump-rencontrera-xi-jinping-en-asie","status":"publish","type":"post","link":"https:\/\/www.europesays.com\/fr\/485510\/","title":{"rendered":"Sur fond de guerre commerciale, Trump rencontrera Xi-Jinping en Asie"},"content":{"rendered":"<p><a href=\"https:\/\/www.20minutes.fr\/dossier\/donald_trump\" target=\"_blank\" class=\"c-link c-link--is-underlined\" rel=\"nofollow noopener\">Donald Trump<\/a> s\u2019appr\u00eate \u00e0 entamer une vaste tourn\u00e9e asiatique qui culminera par une rencontre tr\u00e8s attendue avec le pr\u00e9sident chinois <a href=\"https:\/\/www.20minutes.fr\/dossier\/xi_jinping\" target=\"_blank\" class=\"c-link c-link--is-underlined\" rel=\"nofollow noopener\">Xi Jinping<\/a>, pr\u00e9vue le 30\u00a0octobre en <a href=\"https:\/\/www.20minutes.fr\/dossier\/coree_du_sud\" target=\"_blank\" class=\"c-link c-link--is-underlined\" rel=\"nofollow noopener\">Cor\u00e9e du Sud<\/a>. Un face-\u00e0-face crucial pour l\u2019\u00e9conomie mondiale, alors que les deux puissances cherchent \u00e0 apaiser leurs tensions commerciales tout en red\u00e9finissant leurs rapports de force. Le chef de la <a href=\"https:\/\/www.20minutes.fr\/dossier\/maison_blanche\" target=\"_blank\" class=\"c-link c-link--is-underlined\" rel=\"nofollow noopener\">Maison-Blanche<\/a> s\u2019est dit optimiste\u00a0: il esp\u00e8re conclure un \u00ab\u00a0bon accord\u00a0\u00bb avec P\u00e9kin et discuter \u00ab\u00a0de tous les sujets\u00a0\u00bb, des \u00e9changes commerciaux aux \u00e9quilibres strat\u00e9giques dans la r\u00e9gion.<\/p>\n<p>Pour Ryan Hass, chercheur au think tank am\u00e9ricain Brookings, cette entrevue ne devrait pas constituer \u00ab\u00a0un point d\u2019inflexion\u00a0\u00bb majeur dans la relation sino-am\u00e9ricaine. Donald Trump \u00e9changera aussi avec le pr\u00e9sident sud-cor\u00e9en Lee Jae Myung, prononcera un discours devant des chefs d\u2019entreprise et participera au d\u00eener officiel des dirigeants de l\u2019<a href=\"https:\/\/www.20minutes.fr\/economie\/apec\/\" target=\"_blank\" class=\"c-link c-link--is-underlined\" rel=\"nofollow noopener\">Apec<\/a>, le sommet de la Coop\u00e9ration \u00e9conomique Asie-Pacifique. Le dossier <a href=\"https:\/\/www.20minutes.fr\/monde\/coree_du_nord\/\" target=\"_blank\" class=\"c-link c-link--is-underlined\" rel=\"nofollow noopener\">nord-cor\u00e9en<\/a>, relanc\u00e9 par de r\u00e9cents tirs de missiles, figurera aussi \u00e0 l\u2019agenda. Le pr\u00e9sident am\u00e9ricain a r\u00e9affirm\u00e9 son souhait de revoir <a href=\"https:\/\/www.20minutes.fr\/monde\/kim_jong_un\/\" target=\"_blank\" class=\"c-link c-link--is-underlined\" rel=\"nofollow noopener\">Kim Jong Un<\/a> \u00ab\u00a0possiblement cette ann\u00e9e\u00a0\u00bb.<\/p>\n<\/p>\n<p>La Malaisie puis un passage par le Japon<\/p>\n<p>Mais avant cela, le pr\u00e9sident am\u00e9ricain s\u2019arr\u00eatera en <a href=\"https:\/\/www.20minutes.fr\/dossier\/malaisie\" target=\"_blank\" class=\"c-link c-link--is-underlined\" rel=\"nofollow noopener\">Malaisie<\/a>, o\u00f9 il participera au sommet de l\u2019Association des nations de l\u2019Asie du Sud-Est (Asean), du 26 au 28\u00a0octobre \u00e0 Kuala Lumpur. Donald Trump, qui avait plusieurs fois boud\u00e9 cet \u00e9v\u00e9nement durant son premier mandat, y pr\u00e9voit de conclure un accord commercial bilat\u00e9ral et d\u2019assister \u00e0 la signature d\u2019un trait\u00e9 de paix entre la <a href=\"https:\/\/www.20minutes.fr\/monde\/thailande\/\" target=\"_blank\" class=\"c-link c-link--is-underlined\" rel=\"nofollow noopener\">Tha\u00eflande<\/a> et le <a href=\"https:\/\/www.20minutes.fr\/monde\/cambodge\/\" target=\"_blank\" class=\"c-link c-link--is-underlined\" rel=\"nofollow noopener\">Cambodge<\/a>, deux pays r\u00e9cemment sortis d\u2019un conflit gr\u00e2ce \u00e0 sa m\u00e9diation.<\/p>\n<p><a href=\"https:\/\/www.20minutes.fr\/dossier\/donald_trump\" target=\"_blank\" class=\"c-link c-btn c-btn--primary\" rel=\"nofollow noopener\">Tous nos articles sur Donald Trump<\/a><\/p>\n<p>Le 29 octobre, Donald Trump rejoindra le <a href=\"https:\/\/www.20minutes.fr\/dossier\/japon\" target=\"_blank\" class=\"c-link c-link--is-underlined\" rel=\"nofollow noopener\">Japon<\/a> pour rencontrer la Premi\u00e8re ministre Sanae Takaichi, nouvelle cheffe du gouvernement et premi\u00e8re femme \u00e0 occuper ce poste. \u00ab\u00a0Nous aurons des discussions franches\u00a0\u00bb, a-t-elle d\u00e9clar\u00e9, indiquant sa volont\u00e9 de consolider les liens commerciaux avec Washington. Ensemble, ils devraient aborder plusieurs, notamment les importations d\u2019\u00e9nergie russe et les d\u00e9penses de d\u00e9fense japonaise. Cette tourn\u00e9e asiatique, la premi\u00e8re depuis son retour au pouvoir en janvier, s\u2019annonce donc comme une s\u00e9quence diplomatique \u00e0 haut risque, mais aussi comme une d\u00e9monstration d\u2019influence.<\/p>\n","protected":false},"excerpt":{"rendered":"Donald Trump s\u2019appr\u00eate \u00e0 entamer une vaste tourn\u00e9e asiatique qui culminera par une rencontre tr\u00e8s attendue avec le&hellip;\n","protected":false},"author":2,"featured_media":485511,"comment_status":"","ping_status":"","sticky":false,"template":"","format":"standard","meta":{"footnotes":""},"categories":[1589],"tags":[47,11,2060,33442,309,13987,5640,75,73,1866,2070,3444,74,12,1864,1865,1863,308,7084],"class_list":{"0":"post-485510","1":"post","2":"type-post","3":"status-publish","4":"format-standard","5":"has-post-thumbnail","7":"category-etats-unis","8":"tag-actualite","9":"tag-actualites","10":"tag-apec","11":"tag-asean","12":"tag-chine","13":"tag-coree-du-nord","14":"tag-coree-du-sud","15":"tag-donald-trump","16":"tag-etats-unis","17":"tag-etats-unis-damerique","18":"tag-japon","19":"tag-malaisie","20":"tag-monde","21":"tag-news","22":"tag-united-states","23":"tag-united-states-of-america","24":"tag-us","25":"tag-usa","26":"tag-xi-jinping"},"share_on_mastodon":{"url":"https:\/\/pubeurope.com\/@fr\/115426197695093403","error":""},"_links":{"self":[{"href":"https:\/\/www.europesays.com\/fr\/wp-json\/wp\/v2\/posts\/485510","targetHints":{"allow":["GET"]}}],"collection":[{"href":"https:\/\/www.europesays.com\/fr\/wp-json\/wp\/v2\/posts"}],"about":[{"href":"https:\/\/www.europesays.com\/fr\/wp-json\/wp\/v2\/types\/post"}],"author":[{"embeddable":true,"href":"https:\/\/www.europesays.com\/fr\/wp-json\/wp\/v2\/users\/2"}],"replies":[{"embeddable":true,"href":"https:\/\/www.europesays.com\/fr\/wp-json\/wp\/v2\/comments?post=485510"}],"version-history":[{"count":0,"href":"https:\/\/www.europesays.com\/fr\/wp-json\/wp\/v2\/posts\/485510\/revisions"}],"wp:featuredmedia":[{"embeddable":true,"href":"https:\/\/www.europesays.com\/fr\/wp-json\/wp\/v2\/media\/485511"}],"wp:attachment":[{"href":"https:\/\/www.europesays.com\/fr\/wp-json\/wp\/v2\/media?parent=485510"}],"wp:term":[{"taxonomy":"category","embeddable":true,"href":"https:\/\/www.europesays.com\/fr\/wp-json\/wp\/v2\/categories?post=485510"},{"taxonomy":"post_tag","embeddable":true,"href":"https:\/\/www.europesays.com\/fr\/wp-json\/wp\/v2\/tags?post=485510"}],"curies":[{"name":"wp","href":"https:\/\/api.w.org\/{rel}","templated":true}]}}