{"id":485512,"date":"2025-10-23T23:59:11","date_gmt":"2025-10-23T23:59:11","guid":{"rendered":"https:\/\/www.europesays.com\/fr\/485512\/"},"modified":"2025-10-23T23:59:11","modified_gmt":"2025-10-23T23:59:11","slug":"island-green-power-lance-une-nouvelle-phase-de-consultation-pour-un-projet-solaire-de-500mw-au-royaume-uni","status":"publish","type":"post","link":"https:\/\/www.europesays.com\/fr\/485512\/","title":{"rendered":"Island Green Power lance une nouvelle phase de consultation pour un projet solaire de 500MW au Royaume-Uni"},"content":{"rendered":"<p>\n\t\t\t\t\tIsland Green Power ouvre une consultation publique sur des modifications de conception pour son projet solaire et de stockage East Pye, d&rsquo;une capacit\u00e9 de 500MW, en pr\u00e9vision d&rsquo;une demande d&rsquo;autorisation attendue d\u00e9but 2026.\t\t\t\t<\/p>\n<p>Island Green Power a entam\u00e9 une nouvelle phase de consultation portant sur des ajustements de conception pour son projet solaire et de stockage par batterie East Pye, situ\u00e9 dans le sud du Norfolk, en Angleterre. Le projet pr\u00e9voit une capacit\u00e9 de 500MW combinant production photovolta\u00efque et stockage d\u2019\u00e9lectricit\u00e9, sur un site d\u2019envergure dans l\u2019est du pays.<\/p>\n<p>Des modifications techniques pour faciliter la phase de construction<\/p>\n<p>Cette consultation concerne 26 changements localis\u00e9s apport\u00e9s \u00e0 la suite de la deuxi\u00e8me phase de concertation statutaire organis\u00e9e plus t\u00f4t cette ann\u00e9e. Ces modifications visent essentiellement \u00e0 optimiser l\u2019acc\u00e8s au site durant les travaux de construction et \u00e0 garantir la s\u00e9curit\u00e9 lors de la livraison de charges lourdes. Des ajustements ont \u00e9galement \u00e9t\u00e9 apport\u00e9s \u00e0 la localisation et aux dimensions de la sous-station associ\u00e9e au projet.<\/p>\n<p>Un retour d\u2019exp\u00e9rience local int\u00e9gr\u00e9 au processus<\/p>\n<p>Island Green Power a indiqu\u00e9 que les retours recueillis au cours de la pr\u00e9c\u00e9dente phase avaient permis d\u2019identifier plusieurs points d\u2019am\u00e9lioration. Ces contributions ont \u00e9t\u00e9 prises en compte pour adapter le projet avant le d\u00e9p\u00f4t de la demande de Development Consent Order (DCO), pr\u00e9vu pour d\u00e9but 2026. Le promoteur entend ainsi concilier les exigences techniques de l\u2019installation avec les remarques \u00e9mises par les r\u00e9sidents et les acteurs locaux.<\/p>\n<p>Une nouvelle \u00e9tape avant l\u2019instruction r\u00e9glementaire<\/p>\n<p>La p\u00e9riode de consultation s\u2019\u00e9tend sur cinq semaines, jusqu\u2019au 26 novembre. Cette \u00e9tape constitue une phase pr\u00e9alable \u00e0 l\u2019instruction formelle du dossier par les autorit\u00e9s comp\u00e9tentes, dans le cadre des proc\u00e9dures encadrant les projets d\u2019infrastructure \u00e9nerg\u00e9tique de grande envergure au Royaume-Uni.<\/p>\n<p>Samantha Jones, responsable du d\u00e9veloppement de projets chez Island Green Power, a d\u00e9clar\u00e9 que l\u2019entreprise esp\u00e9rait que ces propositions actualis\u00e9es r\u00e9pondraient aux observations formul\u00e9es localement.<\/p>\n","protected":false},"excerpt":{"rendered":"Island Green Power ouvre une consultation publique sur des modifications de conception pour son projet solaire et de&hellip;\n","protected":false},"author":2,"featured_media":485513,"comment_status":"","ping_status":"","sticky":false,"template":"","format":"standard","meta":{"footnotes":""},"categories":[1588],"tags":[11,1777,674,12,473,1853,1851,1850,1852],"class_list":{"0":"post-485512","1":"post","2":"type-post","3":"status-publish","4":"format-standard","5":"has-post-thumbnail","7":"category-royaume-uni","8":"tag-actualites","9":"tag-eu","10":"tag-europe","11":"tag-news","12":"tag-royaume-uni","13":"tag-royaume-uni-de-grande-bretagne-et-dirlande-du-nord","14":"tag-uk","15":"tag-united-kingdom","16":"tag-united-kingdom-of-great-britain-and-northern-ireland"},"share_on_mastodon":{"url":"","error":""},"_links":{"self":[{"href":"https:\/\/www.europesays.com\/fr\/wp-json\/wp\/v2\/posts\/485512","targetHints":{"allow":["GET"]}}],"collection":[{"href":"https:\/\/www.europesays.com\/fr\/wp-json\/wp\/v2\/posts"}],"about":[{"href":"https:\/\/www.europesays.com\/fr\/wp-json\/wp\/v2\/types\/post"}],"author":[{"embeddable":true,"href":"https:\/\/www.europesays.com\/fr\/wp-json\/wp\/v2\/users\/2"}],"replies":[{"embeddable":true,"href":"https:\/\/www.europesays.com\/fr\/wp-json\/wp\/v2\/comments?post=485512"}],"version-history":[{"count":0,"href":"https:\/\/www.europesays.com\/fr\/wp-json\/wp\/v2\/posts\/485512\/revisions"}],"wp:featuredmedia":[{"embeddable":true,"href":"https:\/\/www.europesays.com\/fr\/wp-json\/wp\/v2\/media\/485513"}],"wp:attachment":[{"href":"https:\/\/www.europesays.com\/fr\/wp-json\/wp\/v2\/media?parent=485512"}],"wp:term":[{"taxonomy":"category","embeddable":true,"href":"https:\/\/www.europesays.com\/fr\/wp-json\/wp\/v2\/categories?post=485512"},{"taxonomy":"post_tag","embeddable":true,"href":"https:\/\/www.europesays.com\/fr\/wp-json\/wp\/v2\/tags?post=485512"}],"curies":[{"name":"wp","href":"https:\/\/api.w.org\/{rel}","templated":true}]}}