{"id":485516,"date":"2025-10-24T00:01:16","date_gmt":"2025-10-24T00:01:16","guid":{"rendered":"https:\/\/www.europesays.com\/fr\/485516\/"},"modified":"2025-10-24T00:01:16","modified_gmt":"2025-10-24T00:01:16","slug":"battu-par-le-celta-vigo-2-1-logc-nice-sincline-encore-et-toujours-en-coupe-deurope","status":"publish","type":"post","link":"https:\/\/www.europesays.com\/fr\/485516\/","title":{"rendered":"Battu par le Celta Vigo (2-1), l\u2019OGC Nice s\u2019incline encore et toujours en Coupe d\u2019Europe"},"content":{"rendered":"<p class=\"fs-5 \">Les Aiglons avaient d\u00e9j\u00e0 \u00e9t\u00e9 cueillis \u00e0 froid par l\u2019ouverture du score \u00e9clair d\u2019Iago Aspas (2\u2019, 1-0). La l\u00e9gende du Celta Vigo, honor\u00e9e d\u2019un tifo au coup d\u2019envoi pour f\u00eater sa 534e apparition avec son club formateur &#8211; un record -, a d\u00e9clench\u00e9 une frappe soudaine des vingt-cinq m\u00e8tres qui n\u2019a laiss\u00e9 aucune chance \u00e0 Diouf. Le 217e but du capitaine de 38 ans sous le maillot c\u00e9leste n\u2019a pas emp\u00each\u00e9 le Gym de r\u00e9agir par l\u2019interm\u00e9diaire de Cho, bien lanc\u00e9 dans la profondeur par Abdul Samed (16\u2019, 1-1).<\/p>\n<p>                                                                                Capitaine Clauss a abandonn\u00e9 le navire<\/p>\n<p class=\"fs-5 \">Appliqu\u00e9s tactiquement et solidaires dans les efforts, les Ni\u00e7ois ont eu l\u2019opportunit\u00e9 de passer devant au score lorsqu\u2019Abdi a but\u00e9 sur Radu \u00e0 l\u2019arriv\u00e9e d\u2019un coup franc frapp\u00e9 c\u00f4t\u00e9 gauche, avant d\u2019\u00eatre finalement p\u00e9nalis\u00e9s par l\u2019expulsion de Clauss, pourtant capitaine du soir, pour deux avertissements grotesques r\u00e9colt\u00e9s en moins de dix minutes (29\u2019, 38\u2019).<\/p>\n<p class=\"fs-5 \">A dix contre onze, les hommes de Franck Haise ont subi, ont eu beaucoup de mal \u00e0 garder le ballon et m\u00eame vu Iglesias toucher le poteau gauche de Diouf (61\u2019), auteur d\u2019une faute de main un peu plus t\u00f4t (sauv\u00e9 par un hors-jeu espagnol) et d\u2019une sortie compl\u00e8tement manqu\u00e9e un peu plus tard. Le portier a eu beau d\u00e9tourner une frappe enroul\u00e9e de Zaragoza (71\u2019), il subissait logiquement le second but au coeur de la domination galicienne&#8230; sur un coup du sort.<\/p>\n<p class=\"fs-5 \">Iglesias avait en effet but\u00e9 sur la sortie de Diouf mais le ballon revenait sur la main d\u2019Oppong pour finir dans le but vide ni\u00e7ois (75\u2019, 2-1).<\/p>\n","protected":false},"excerpt":{"rendered":"Les Aiglons avaient d\u00e9j\u00e0 \u00e9t\u00e9 cueillis \u00e0 froid par l\u2019ouverture du score \u00e9clair d\u2019Iago Aspas (2\u2019, 1-0). La&hellip;\n","protected":false},"author":2,"featured_media":485517,"comment_status":"","ping_status":"","sticky":false,"template":"","format":"standard","meta":{"footnotes":""},"categories":[1586],"tags":[11,1777,674,1011,27,12,54521,25],"class_list":{"0":"post-485516","1":"post","2":"type-post","3":"status-publish","4":"format-standard","5":"has-post-thumbnail","7":"category-europe","8":"tag-actualites","9":"tag-eu","10":"tag-europe","11":"tag-fr","12":"tag-france","13":"tag-news","14":"tag-ogcnice","15":"tag-republique-francaise"},"share_on_mastodon":{"url":"https:\/\/pubeurope.com\/@fr\/115426209560518994","error":""},"_links":{"self":[{"href":"https:\/\/www.europesays.com\/fr\/wp-json\/wp\/v2\/posts\/485516","targetHints":{"allow":["GET"]}}],"collection":[{"href":"https:\/\/www.europesays.com\/fr\/wp-json\/wp\/v2\/posts"}],"about":[{"href":"https:\/\/www.europesays.com\/fr\/wp-json\/wp\/v2\/types\/post"}],"author":[{"embeddable":true,"href":"https:\/\/www.europesays.com\/fr\/wp-json\/wp\/v2\/users\/2"}],"replies":[{"embeddable":true,"href":"https:\/\/www.europesays.com\/fr\/wp-json\/wp\/v2\/comments?post=485516"}],"version-history":[{"count":0,"href":"https:\/\/www.europesays.com\/fr\/wp-json\/wp\/v2\/posts\/485516\/revisions"}],"wp:featuredmedia":[{"embeddable":true,"href":"https:\/\/www.europesays.com\/fr\/wp-json\/wp\/v2\/media\/485517"}],"wp:attachment":[{"href":"https:\/\/www.europesays.com\/fr\/wp-json\/wp\/v2\/media?parent=485516"}],"wp:term":[{"taxonomy":"category","embeddable":true,"href":"https:\/\/www.europesays.com\/fr\/wp-json\/wp\/v2\/categories?post=485516"},{"taxonomy":"post_tag","embeddable":true,"href":"https:\/\/www.europesays.com\/fr\/wp-json\/wp\/v2\/tags?post=485516"}],"curies":[{"name":"wp","href":"https:\/\/api.w.org\/{rel}","templated":true}]}}