{"id":485518,"date":"2025-10-24T00:02:15","date_gmt":"2025-10-24T00:02:15","guid":{"rendered":"https:\/\/www.europesays.com\/fr\/485518\/"},"modified":"2025-10-24T00:02:15","modified_gmt":"2025-10-24T00:02:15","slug":"moment-de-clarification-sur-le-climat-entre-leaders-de-lue-a-bruxelles-actualites","status":"publish","type":"post","link":"https:\/\/www.europesays.com\/fr\/485518\/","title":{"rendered":"Moment de clarification sur le climat entre leaders de l&rsquo;UE \u00e0 Bruxelles : Actualit\u00e9s"},"content":{"rendered":"<p class=\"lead \">L&rsquo;Union europ\u00e9enne va-t-elle renoncer \u00e0 certaines de ses ambitions climatiques au nom de la protection de ses industries, soumises \u00e0 une concurrence internationale f\u00e9roce? Cette question br\u00fblante \u00e9tait au c\u0153ur des discussions entre les 27 dirigeants jeudi \u00e0 Bruxelles, avec une \u00e9ch\u00e9ance tr\u00e8s serr\u00e9e pour l&rsquo;arbitrer.<\/p>\n<p class=\"lead \">Les Europ\u00e9ens n&rsquo;ont qu&rsquo;une poign\u00e9e de jours pour s&rsquo;accorder sur leur objectif commun de r\u00e9duction de gaz \u00e0 effet de serre pour 2040.<\/p>\n<p class=\"lead \">L&rsquo;objectif est d&rsquo;afficher un front uni avant la grand-messe du climat au Br\u00e9sil, d\u00e9but novembre. <\/p>\n<p class=\"lead \">Mais de nombreuses divisions persistent.<\/p>\n<p class=\"lead \">&#8211; \u00ab\u00a0Pragmatisme\u00a0\u00bb &#8211;<\/p>\n<p class=\"lead \">La proposition de la Commission europ\u00e9enne de r\u00e9duire ces \u00e9missions de 90% par rapport \u00e0 1990 est au c\u0153ur des crispations.<\/p>\n<p class=\"lead \">Le Danemark, la Su\u00e8de et l&rsquo;Espagne poussent pour, mais des pays comme la Hongrie et la R\u00e9publique tch\u00e8que sont contre au nom de la d\u00e9fense de leur industrie. La France reste prudente.<\/p>\n<p class=\"lead \">La Commission a fait un geste d\u00e9but juillet, en proposant une flexibilit\u00e9 dans le mode de calcul: la possibilit\u00e9 d&rsquo;acqu\u00e9rir des cr\u00e9dits carbone internationaux, \u00e0 hauteur de 3% du total, qui financeraient des projets en dehors de l&rsquo;Europe. Mais cette concession n&rsquo;a pas suffi.<\/p>\n<p class=\"lead \">Aucune d\u00e9cision formelle n&rsquo;a \u00e9t\u00e9 prise entre dirigeants lors du sommet \u00e0 Bruxelles.<\/p>\n<p class=\"lead \">Cette r\u00e9union a toutefois \u00e9t\u00e9 l&rsquo;opportunit\u00e9 de clarifier les positions de chacun, avant une r\u00e9union capitale, pr\u00e9vue le 4 novembre.<\/p>\n<p class=\"lead \">\u00ab\u00a0Nous avons convenu que nous devons faire preuve de pragmatisme et de souplesse dans notre strat\u00e9gie\u00a0\u00bb, a affirm\u00e9 le pr\u00e9sident du Conseil, Antonio Costa, lors d&rsquo;une conf\u00e9rence de presse.<\/p>\n<p class=\"lead \">&#8211; La croisade de Merz &#8211;<\/p>\n<p class=\"lead \">Autre dossier essentiel qui a \u00e9t\u00e9 \u00e9voqu\u00e9 par les dirigeants: l&rsquo;interdiction de vendre des voitures thermiques neuves dans l&rsquo;UE \u00e0 partir de 2035. <\/p>\n<p class=\"lead \">Cette mesure est de loin la plus symbolique du Pacte vert europ\u00e9en, cet ensemble de textes qui doit permettre au continent d&rsquo;atteindre la neutralit\u00e9 carbone d&rsquo;ici 2050. C&rsquo;est probablement la plus tangible pour les consommateurs europ\u00e9ens aussi. <\/p>\n<p class=\"lead \">Mais elle est vivement contest\u00e9e par les constructeurs automobiles, qui r\u00e9clament \u00e0 cor et \u00e0 cri un assouplissement des r\u00e8gles.<\/p>\n<p class=\"lead \">Ils ont dans cette croisade le soutien du chancelier allemand Friedrich Merz, qui a jet\u00e9 un pav\u00e9 dans la mare d\u00e9but octobre en s&rsquo;engageant \u00e0 \u00ab\u00a0tout faire\u00a0\u00bb pour lever cette interdiction de vente de voitures en 2035. <\/p>\n<p class=\"lead \">La France et l&rsquo;Espagne s&rsquo;opposent \u00e0 cette initiative, plaidant plut\u00f4t pour une flexibilit\u00e9 pour le secteur.<\/p>\n<p class=\"lead \">\u00ab\u00a0Il faut garder un objectif de 2035\u00a0\u00bb, a assur\u00e9 Emmanuel Macron lors d&rsquo;une conf\u00e9rence, tout en appelant \u00e0 \u00eatre \u00ab\u00a0intelligent\u00a0\u00bb sur la question.<\/p>\n<p class=\"lead \">\u00ab\u00a0Il faut garder nos emplois et d\u00e9velopper. Il ne faut pas que ce soit un couperet qui tombe de mani\u00e8re compl\u00e8tement aveugle\u00a0\u00bb, a affirm\u00e9 le pr\u00e9sident fran\u00e7ais.<\/p>\n<p class=\"lead \">&#8211; \u00ab\u00a0Changement de mentalit\u00e9\u00a0\u00bb &#8211;<\/p>\n<p class=\"lead \">Bouscul\u00e9e par la pouss\u00e9e de l&rsquo;extr\u00eame droite aux \u00e9lections europ\u00e9ennes de juin 2024, l&rsquo;UE est de fait beaucoup moins allante sur les enjeux environnementaux qu&rsquo;il y a quelques ann\u00e9es.<\/p>\n<p class=\"lead \">L&rsquo;\u00e9cologie peine \u00e0 trouver une place dans l&rsquo;agenda, dans un contexte g\u00e9opolitique tendu.<\/p>\n<p class=\"lead \">\u00ab\u00a0Il y a un changement de mentalit\u00e9, c&rsquo;est assez \u00e9vident\u00a0\u00bb, estime un diplomate europ\u00e9en. \u00ab\u00a0Personne ne remet en question la n\u00e9cessit\u00e9 de lutter contre le changement climatique. Mais la mani\u00e8re d&rsquo;y parvenir a chang\u00e9\u00a0\u00bb.<\/p>\n<p class=\"lead \">Certains scientifiques r\u00e9torquent toutefois que cet arbitrage entre ambitions climatiques et protection de l&rsquo;industrie n&rsquo;est pas n\u00e9cessaire.<\/p>\n<p class=\"lead \">\u00ab\u00a0Il est scientifiquement prouv\u00e9 qu&rsquo;un objectif climatique ambitieux pour 2040 est compatible avec la prosp\u00e9rit\u00e9 \u00e9conomique\u00a0\u00bb, d\u00e9fendent 2.000 d&rsquo;entre eux dans une missive envoy\u00e9e aux chefs d&rsquo;\u00c9tat en amont du sommet.<\/p>\n<p class=\"lead \">Sous la pression d&rsquo;industriels, de plusieurs Etats membres mais au grand dam des ONG, l&rsquo;Union europ\u00e9enne a en parall\u00e8le lanc\u00e9 la r\u00e9vision de plusieurs textes tr\u00e8s ambitieux, qu&rsquo;elle a adopt\u00e9 il y quelques ann\u00e9es seulement, portant notamment sur la d\u00e9forestation ou le droit de vigilance des entreprises. <\/p>\n<p class=\"small font-weight-bold text-gray3 \"> publi\u00e9 le 24 octobre \u00e0 00h59, AFP<\/p>\n<p>                             Partager<\/p>\n","protected":false},"excerpt":{"rendered":"L&rsquo;Union europ\u00e9enne va-t-elle renoncer \u00e0 certaines de ses ambitions climatiques au nom de la protection de ses industries,&hellip;\n","protected":false},"author":2,"featured_media":485519,"comment_status":"","ping_status":"","sticky":false,"template":"","format":"standard","meta":{"footnotes":""},"categories":[1586],"tags":[11,646,1129,312,436,1777,674,1779,1011,27,418,12,316,1800,25,1778,364],"class_list":{"0":"post-485518","1":"post","2":"type-post","3":"status-publish","4":"format-standard","5":"has-post-thumbnail","7":"category-europe","8":"tag-actualites","9":"tag-automobile","10":"tag-climat","11":"tag-diplomatie","12":"tag-environnement","13":"tag-eu","14":"tag-europe","15":"tag-european-union","16":"tag-fr","17":"tag-france","18":"tag-gouvernement","19":"tag-news","20":"tag-politique","21":"tag-pollution","22":"tag-republique-francaise","23":"tag-ue","24":"tag-union-europeenne"},"share_on_mastodon":{"url":"https:\/\/pubeurope.com\/@fr\/115426213540483506","error":""},"_links":{"self":[{"href":"https:\/\/www.europesays.com\/fr\/wp-json\/wp\/v2\/posts\/485518","targetHints":{"allow":["GET"]}}],"collection":[{"href":"https:\/\/www.europesays.com\/fr\/wp-json\/wp\/v2\/posts"}],"about":[{"href":"https:\/\/www.europesays.com\/fr\/wp-json\/wp\/v2\/types\/post"}],"author":[{"embeddable":true,"href":"https:\/\/www.europesays.com\/fr\/wp-json\/wp\/v2\/users\/2"}],"replies":[{"embeddable":true,"href":"https:\/\/www.europesays.com\/fr\/wp-json\/wp\/v2\/comments?post=485518"}],"version-history":[{"count":0,"href":"https:\/\/www.europesays.com\/fr\/wp-json\/wp\/v2\/posts\/485518\/revisions"}],"wp:featuredmedia":[{"embeddable":true,"href":"https:\/\/www.europesays.com\/fr\/wp-json\/wp\/v2\/media\/485519"}],"wp:attachment":[{"href":"https:\/\/www.europesays.com\/fr\/wp-json\/wp\/v2\/media?parent=485518"}],"wp:term":[{"taxonomy":"category","embeddable":true,"href":"https:\/\/www.europesays.com\/fr\/wp-json\/wp\/v2\/categories?post=485518"},{"taxonomy":"post_tag","embeddable":true,"href":"https:\/\/www.europesays.com\/fr\/wp-json\/wp\/v2\/tags?post=485518"}],"curies":[{"name":"wp","href":"https:\/\/api.w.org\/{rel}","templated":true}]}}