{"id":485528,"date":"2025-10-24T00:09:12","date_gmt":"2025-10-24T00:09:12","guid":{"rendered":"https:\/\/www.europesays.com\/fr\/485528\/"},"modified":"2025-10-24T00:09:12","modified_gmt":"2025-10-24T00:09:12","slug":"resultat-casper-ruud-stan-wawrinka-atp-500-bale-deuxieme-tour-jeudi-23-octobre-2025-lequipe","status":"publish","type":"post","link":"https:\/\/www.europesays.com\/fr\/485528\/","title":{"rendered":"R\u00e9sultat : Casper Ruud &#8211; Stan Wawrinka, ATP 500, B\u00e2le, Deuxi\u00e8me tour, Jeudi 23 octobre 2025 &#8211; L&#039;\u00c9quipe"},"content":{"rendered":"<ol>\n<li><a href=\"https:\/\/news.google.com\/rss\/articles\/CBMivgFBVV95cUxOUXJHS0t6V25LWkVSbEZWUGp6eUpiUDhaWEZVNmtJQzBKZUxFeXJaZkVBWjg5a0pyYldlaEJEMVk2UF9lRFIyWXcwamY1SlRveUVBb24xcy1TU1B5V1ZXV2kwZ3ZnVlBUUzFCQWw0bnI2VEVybDlJcm9vTkpXU0R3R2tkb2kydVVrZ2tYMDlaZHNRUDZ6d3p4S3BwWVJKOXVjc0hqYk12aDJSalFvbXZjd21kM1MwRU5hMDVQbFB3?oc=5\" target=\"_blank\" rel=\"nofollow noopener\">R\u00e9sultat : Casper Ruud &#8211; Stan Wawrinka, ATP 500, B\u00e2le, Deuxi\u00e8me tour, Jeudi 23 octobre 2025<\/a>&nbsp;&nbsp;L&rsquo;\u00c9quipe<\/li>\n<li><a href=\"https:\/\/news.google.com\/rss\/articles\/CBMixgFBVV95cUxPMjJGNmk1Z01nbnU5bnpPYk5DT2JiZW1LRVlWejlJd2w1MHFESWtnUW0tMFh2Q1ZEVFA5S083X0ZiOWdwRWxybVl5YjZ4ZDRaRXF0ekxKVWxFU3NfUklCaUMtQi1yemJfelo4RU9HUkQyOVVzZU5HYnpuV2ltZ1pPQ1dxNEpzV0NDUnpRS0pQY05nOGNMaWF5MVp3UUMyZ0tianRlNEtJbFY0Zm9Scm1SRjlxdFVPaXFCWGYzWmVqb2sxdG9fcVE?oc=5\" target=\"_blank\" rel=\"nofollow noopener\">Wawrinka s&rsquo;arr\u00eate en 8es de finale<\/a>&nbsp;&nbsp;rts.ch<\/li>\n<li><a href=\"https:\/\/news.google.com\/rss\/articles\/CBMizwFBVV95cUxNYVNFRFhRRC1KN0FfcjJsM3FIWkdxbElESmpvQlpIRmFpUjM1eTFKQ29TYUkzM0diZGlybHp4bG85WGpJQjNUeFdjQndhVjJybkFzMlRTVU5rYXc0NkU2eVI1c2VMbjVUcHc3Sk9CdG9wNGFILVFzS2VYcWdUSUtaNDFBUGtLVUkzb2xjaTdwSGVzRTJhTW9IMWxJUjhBMzExTklqN29SVlVhRGdqZzBSeS1VNWNham4tUTREMlFrRVdHU2ZiVkx0UGhmY0JTV0U?oc=5\" target=\"_blank\" rel=\"nofollow noopener\">PRONOS PARIS RMC Le pari tennis d\u2019Eric Salliot du 21 octobre \u2013 ATP 500 B\u00e2le<\/a>&nbsp;&nbsp;RMC Sport<\/li>\n<li><a href=\"https:\/\/news.google.com\/rss\/articles\/CBMiowFBVV95cUxQZ1lYZHMtWHVWa3JsTEVFR2RyMVE3VjF0S3UtMndfdFZSbk51anVoZWd2Sl9NQm5JRlEwR1BpYU41aF9URjVXWWI4UXdXNjZVNldHVFFoMFEya0ZTTXVxN25xRzNpT2hPLTlWMndJTHZlV2Y5aHRzQTNjdThTVXd4UTUtdUpkbElqV0FBMnE4czlEYmFsUnZmTHBJVEZVZzNtY0dz?oc=5\" target=\"_blank\" rel=\"nofollow noopener\">Battu par Casper Ruud, Stan Wawrinka quitte B\u00e2le avec les honneurs<\/a>&nbsp;&nbsp;Le Temps<\/li>\n<li><a href=\"https:\/\/news.google.com\/rss\/articles\/CBMiswFBVV95cUxQZ3R2Y0x0NmpKbmlHUlBVSF9uQXpkdmc5R2JkUWtNRDZMMHlMaUg3TDM4Q3JObktickpzR0dyVGdIdXk2cmZXMklfelY1dFFPRVVDNUtzWjhQc0hxaWRFRm1pYlRWeUJzdUpsb2ItTDNLdnZycjdOcHpURC0wT0xJVmtrVHZyQ0ZITm84V3B6TzlaTUR0bXJya05LSWJ3dEQyLVJCWlpfZnRWWURZY00zc25iSQ?oc=5\" target=\"_blank\" rel=\"nofollow noopener\">Fin de parcours pour Stan Wawrinka aux Swiss Indoors: sa derni\u00e8re \u00e0 B\u00e2le?<\/a>&nbsp;&nbsp;Le Matin<\/li>\n<\/ol>\n","protected":false},"excerpt":{"rendered":"R\u00e9sultat : Casper Ruud &#8211; Stan Wawrinka, ATP 500, B\u00e2le, Deuxi\u00e8me tour, Jeudi 23 octobre 2025&nbsp;&nbsp;L&rsquo;\u00c9quipe Wawrinka s&rsquo;arr\u00eate&hellip;\n","protected":false},"author":2,"featured_media":1983,"comment_status":"","ping_status":"","sticky":false,"template":"","format":"standard","meta":{"footnotes":""},"categories":[1415],"tags":[1011,27,60,1467],"class_list":{"0":"post-485528","1":"post","2":"type-post","3":"status-publish","4":"format-standard","5":"has-post-thumbnail","7":"category-tennis","8":"tag-fr","9":"tag-france","10":"tag-sports","11":"tag-tennis"},"share_on_mastodon":{"url":"https:\/\/pubeurope.com\/@fr\/115426240975582005","error":""},"_links":{"self":[{"href":"https:\/\/www.europesays.com\/fr\/wp-json\/wp\/v2\/posts\/485528","targetHints":{"allow":["GET"]}}],"collection":[{"href":"https:\/\/www.europesays.com\/fr\/wp-json\/wp\/v2\/posts"}],"about":[{"href":"https:\/\/www.europesays.com\/fr\/wp-json\/wp\/v2\/types\/post"}],"author":[{"embeddable":true,"href":"https:\/\/www.europesays.com\/fr\/wp-json\/wp\/v2\/users\/2"}],"replies":[{"embeddable":true,"href":"https:\/\/www.europesays.com\/fr\/wp-json\/wp\/v2\/comments?post=485528"}],"version-history":[{"count":0,"href":"https:\/\/www.europesays.com\/fr\/wp-json\/wp\/v2\/posts\/485528\/revisions"}],"wp:featuredmedia":[{"embeddable":true,"href":"https:\/\/www.europesays.com\/fr\/wp-json\/wp\/v2\/media\/1983"}],"wp:attachment":[{"href":"https:\/\/www.europesays.com\/fr\/wp-json\/wp\/v2\/media?parent=485528"}],"wp:term":[{"taxonomy":"category","embeddable":true,"href":"https:\/\/www.europesays.com\/fr\/wp-json\/wp\/v2\/categories?post=485528"},{"taxonomy":"post_tag","embeddable":true,"href":"https:\/\/www.europesays.com\/fr\/wp-json\/wp\/v2\/tags?post=485528"}],"curies":[{"name":"wp","href":"https:\/\/api.w.org\/{rel}","templated":true}]}}