{"id":485529,"date":"2025-10-24T00:11:12","date_gmt":"2025-10-24T00:11:12","guid":{"rendered":"https:\/\/www.europesays.com\/fr\/485529\/"},"modified":"2025-10-24T00:11:12","modified_gmt":"2025-10-24T00:11:12","slug":"motogp-a-phillip-island-thor-marvel-etait-present-en-en-bon-super-heros-a-sauve-quelquun","status":"publish","type":"post","link":"https:\/\/www.europesays.com\/fr\/485529\/","title":{"rendered":"MotoGP A Phillip Island, Thor (Marvel) \u00e9tait pr\u00e9sent en en bon super-h\u00e9ros, a sauv\u00e9 quelqu&rsquo;un !"},"content":{"rendered":"<p>Lors du Grand-Prix d\u2019Australie de MotoGP 2025, l\u2019acteur Chris Hemsworth \u00e9tait pr\u00e9sent, notamment pour soutenir son compatriote, Jack Miller. Mais aussi, afin de diffuser sa bienveillance dans le paddock et la pit-lane !<\/p>\n<p>MotoGP : un super-h\u00e9ros au secours d\u2019LCR !<\/p>\n<p>Ainsi, celui qui incarne le super-h\u00e9ros Thor, \u00e0 l\u2019\u00e9cran, dans les productions Marvel\/Disney, a sauv\u00e9 une membre du Team LCR, alors que la safety-car d\u00e9boulait \u00e0 toute berzingue. Nous vous laissons revoir cette s\u00e9quence, \u00e9videmment tr\u00e8s second degr\u00e9, partag\u00e9e par l\u2019\u00e9curie satellite d\u2019Honda dans la cat\u00e9gorie reine.<\/p>\n<blockquote class=\"instagram-media\" style=\"background: #FFF; border: 0; border-radius: 3px; box-shadow: 0 0 1px 0 rgba(0,0,0,0.5),0 1px 10px 0 rgba(0,0,0,0.15); margin: 1px; max-width: 540px; min-width: 326px; padding: 0; width: calc(100% - 2px);\" data-instgrm-captioned=\"\" data-instgrm-permalink=\"https:\/\/www.instagram.com\/reel\/DP-gsaOEcCu\/?utm_source=ig_embed&amp;utm_campaign=loading\" data-instgrm-version=\"14\">\n<\/blockquote>\n<p>Article publi\u00e9 le 23\/10\/2025 \u00e0 6h27<\/p>\n<p>                                            <img loading=\"lazy\" alt=\"\" class=\"avatar avatar-100 photo lazyload\" height=\"100\" width=\"100\" decoding=\"async\" src=\"https:\/\/www.europesays.com\/fr\/wp-content\/uploads\/2025\/10\/1761264672_399_ffbb894c35ea5189d599d4ea062c98b86ffb67cc602fa683ebcbf422a80fc47a\"  data-eio-rwidth=\"100\" data-eio-rheight=\"100\"\/><\/p>\n<p class=\"h2\">\n                                            Julien Barthet\n                                        <\/p>\n<p>R\u00e9dacteur professionnel, titulaire de la carte de presse pendant 3 ans. Fondateur\/Directeur et R\u00e9dacteur en chef Le Mag Sport Auto et LeMagJeuxHighTech.com.&#13;<br \/>\nEx-Pilote automobile : 55 courses (Formule Ford, F.Campus, Coupe 206 Sprint et Relais, Saxo, Ford Fiesta Allemagne, Mitjet) 1 Victoire. Essais F3, Nascar Euro, Caterham, F.Renault, etc.<\/p>\n<p>                                                                                                                            <a href=\"https:\/\/lemagsportauto.ouest-france.fr\/author\/lmsa_adm\/\" title=\"Julien Barthet\" target=\"_blank\" rel=\"noopener\"><br \/>\n                                                Voir les publications de l&rsquo;auteur<br \/>\n                                            <\/a><\/p>\n<p>                                <script async src=\"\/\/www.instagram.com\/embed.js\"><\/script><\/p>\n","protected":false},"excerpt":{"rendered":"Lors du Grand-Prix d\u2019Australie de MotoGP 2025, l\u2019acteur Chris Hemsworth \u00e9tait pr\u00e9sent, notamment pour soutenir son compatriote, Jack&hellip;\n","protected":false},"author":2,"featured_media":485530,"comment_status":"","ping_status":"","sticky":false,"template":"","format":"standard","meta":{"footnotes":""},"categories":[1413],"tags":[1011,27,2135,1457,1456,1458,60],"class_list":{"0":"post-485529","1":"post","2":"type-post","3":"status-publish","4":"format-standard","5":"has-post-thumbnail","7":"category-moto","8":"tag-fr","9":"tag-france","10":"tag-marvel","11":"tag-moto","12":"tag-motocycle","13":"tag-motogp","14":"tag-sports"},"share_on_mastodon":{"url":"https:\/\/pubeurope.com\/@fr\/115426249745145588","error":""},"_links":{"self":[{"href":"https:\/\/www.europesays.com\/fr\/wp-json\/wp\/v2\/posts\/485529","targetHints":{"allow":["GET"]}}],"collection":[{"href":"https:\/\/www.europesays.com\/fr\/wp-json\/wp\/v2\/posts"}],"about":[{"href":"https:\/\/www.europesays.com\/fr\/wp-json\/wp\/v2\/types\/post"}],"author":[{"embeddable":true,"href":"https:\/\/www.europesays.com\/fr\/wp-json\/wp\/v2\/users\/2"}],"replies":[{"embeddable":true,"href":"https:\/\/www.europesays.com\/fr\/wp-json\/wp\/v2\/comments?post=485529"}],"version-history":[{"count":0,"href":"https:\/\/www.europesays.com\/fr\/wp-json\/wp\/v2\/posts\/485529\/revisions"}],"wp:featuredmedia":[{"embeddable":true,"href":"https:\/\/www.europesays.com\/fr\/wp-json\/wp\/v2\/media\/485530"}],"wp:attachment":[{"href":"https:\/\/www.europesays.com\/fr\/wp-json\/wp\/v2\/media?parent=485529"}],"wp:term":[{"taxonomy":"category","embeddable":true,"href":"https:\/\/www.europesays.com\/fr\/wp-json\/wp\/v2\/categories?post=485529"},{"taxonomy":"post_tag","embeddable":true,"href":"https:\/\/www.europesays.com\/fr\/wp-json\/wp\/v2\/tags?post=485529"}],"curies":[{"name":"wp","href":"https:\/\/api.w.org\/{rel}","templated":true}]}}