{"id":485533,"date":"2025-10-24T00:13:20","date_gmt":"2025-10-24T00:13:20","guid":{"rendered":"https:\/\/www.europesays.com\/fr\/485533\/"},"modified":"2025-10-24T00:13:20","modified_gmt":"2025-10-24T00:13:20","slug":"victor-guernalec-restera-chez-les-professionnels-en-2026","status":"publish","type":"post","link":"https:\/\/www.europesays.com\/fr\/485533\/","title":{"rendered":"Victor Guernalec restera chez les professionnels en 2026"},"content":{"rendered":"<p>Les fr\u00e8res Guernalec (Ark\u00e9a-B&amp;B Hotels) resteront chez les professionnels en 2026. Comme annonc\u00e9 par <a href=\"https:\/\/www.letelegramme.fr\/sports\/cyclisme\/les-bretons-thibault-guernalec-et-pierre-thierry-vers-une-equipe-francaise-en-2026-6912288.php\" target=\"_blank\" rel=\"noopener\">Le T\u00e9l\u00e9gramme,<\/a> Thibault est en partance pour la formation TotalEnergies. <a href=\"https:\/\/www.letelegramme.fr\/sports\/cyclisme\/cest-un-autre-monde-le-grand-saut-de-victor-guernalec-des-amateurs-a-une-equipe-worldtour-6759737.php\" target=\"_blank\" rel=\"noopener\">Victor Guernalec,<\/a> de son c\u00f4t\u00e9, s\u2019est engag\u00e9 en faveur de la formation CIC U Nantes\u2026 une \u00e9quipe de niveau continental o\u00f9 il \u00e9tait d\u00e9j\u00e0 sur le point de signer l\u2019an dernier avant de rejoindre <a href=\"https:\/\/www.letelegramme.fr\/sports\/cyclisme\/arkea-et-b-b-hotels-annoncent-la-fin-de-leur-partenariat-trois-equipes-cyclistes-150-emplois-menaces-6842781.php\" target=\"_blank\" rel=\"noopener\">Ark\u00e9a-B&amp;B Hotels.<\/a><\/p>\n","protected":false},"excerpt":{"rendered":"Les fr\u00e8res Guernalec (Ark\u00e9a-B&amp;B Hotels) resteront chez les professionnels en 2026. Comme annonc\u00e9 par Le T\u00e9l\u00e9gramme, Thibault est&hellip;\n","protected":false},"author":2,"featured_media":485534,"comment_status":"","ping_status":"","sticky":false,"template":"","format":"standard","meta":{"footnotes":""},"categories":[1411],"tags":[34378,1154,207,3166,1011,27,60890,2427,60],"class_list":{"0":"post-485533","1":"post","2":"type-post","3":"status-publish","4":"format-standard","5":"has-post-thumbnail","7":"category-cyclisme","8":"tag-arkea-bb-hotels","9":"tag-cycling","10":"tag-cyclisme","11":"tag-en-continu-sports","12":"tag-fr","13":"tag-france","14":"tag-mercato-velo","15":"tag-professionnels","16":"tag-sports"},"share_on_mastodon":{"url":"https:\/\/pubeurope.com\/@fr\/115426256791072219","error":""},"_links":{"self":[{"href":"https:\/\/www.europesays.com\/fr\/wp-json\/wp\/v2\/posts\/485533","targetHints":{"allow":["GET"]}}],"collection":[{"href":"https:\/\/www.europesays.com\/fr\/wp-json\/wp\/v2\/posts"}],"about":[{"href":"https:\/\/www.europesays.com\/fr\/wp-json\/wp\/v2\/types\/post"}],"author":[{"embeddable":true,"href":"https:\/\/www.europesays.com\/fr\/wp-json\/wp\/v2\/users\/2"}],"replies":[{"embeddable":true,"href":"https:\/\/www.europesays.com\/fr\/wp-json\/wp\/v2\/comments?post=485533"}],"version-history":[{"count":0,"href":"https:\/\/www.europesays.com\/fr\/wp-json\/wp\/v2\/posts\/485533\/revisions"}],"wp:featuredmedia":[{"embeddable":true,"href":"https:\/\/www.europesays.com\/fr\/wp-json\/wp\/v2\/media\/485534"}],"wp:attachment":[{"href":"https:\/\/www.europesays.com\/fr\/wp-json\/wp\/v2\/media?parent=485533"}],"wp:term":[{"taxonomy":"category","embeddable":true,"href":"https:\/\/www.europesays.com\/fr\/wp-json\/wp\/v2\/categories?post=485533"},{"taxonomy":"post_tag","embeddable":true,"href":"https:\/\/www.europesays.com\/fr\/wp-json\/wp\/v2\/tags?post=485533"}],"curies":[{"name":"wp","href":"https:\/\/api.w.org\/{rel}","templated":true}]}}