{"id":485536,"date":"2025-10-24T00:15:13","date_gmt":"2025-10-24T00:15:13","guid":{"rendered":"https:\/\/www.europesays.com\/fr\/485536\/"},"modified":"2025-10-24T00:15:13","modified_gmt":"2025-10-24T00:15:13","slug":"arthur-continuera-detre-le-nouveau-jean-pierre-foucault","status":"publish","type":"post","link":"https:\/\/www.europesays.com\/fr\/485536\/","title":{"rendered":"Arthur continuera d\u2019\u00eatre le nouveau Jean-Pierre Foucault"},"content":{"rendered":"<p>      R\u00e9sum\u00e9<\/p>\n<p>Arthur continuera de pr\u00e9senter \u00ab\u00a0Qui veut gagner des millions\u00a0\u00bb en 2026 depuis un nouveau lieu, le Palais Brongniart, confirmant son succ\u00e8s \u00e0 la t\u00eate du jeu sur TF1.<\/p>\n<p>        Sommaire<\/p>\n<p>Changement de d\u00e9cor pour le prochain num\u00e9ro de <strong>Qui veut gagner des millions<\/strong>. Selon les informations de notre confr\u00e8re Nicolas Malab\u0153uf, Arthur devrait <a href=\"https:\/\/www.public.fr\/nolwenn-na-pas-triche-arthur-repond-a-la-polemique-qui-veut-gagner-des-millions\" rel=\"nofollow noopener\" target=\"_blank\">pr\u00e9senter le nouveau num\u00e9ro de l\u2019\u00e9mission<\/a> de TF1 dans un nouveau lieu en 2026.<\/p>\n<p>En effet, le compagnon de <a href=\"https:\/\/vsd.fr\/tag\/mareva-galanter\/\" rel=\"nofollow noopener\" target=\"_blank\">Mareva Galanter<\/a> a visiblement convaincu TF1 qui continue de lui faire confiance pour pr\u00e9senter le jeu autrefois anim\u00e9 par <a href=\"https:\/\/www.public.fr\/tag\/jean-pierre-foucault\" rel=\"nofollow noopener\" target=\"_blank\">Jean-Pierre Foucault.<\/a> Car depuis le 20 septembre 2024, c\u2019est bel et bien Arthur qui se retrouvait aux commandes du c\u00e9l\u00e8bre jeu, apr\u00e8s avoir remplac\u00e9 <a href=\"https:\/\/www.public.fr\/tag\/camille-combal\" rel=\"nofollow noopener\" target=\"_blank\">Camille Combal.<\/a><\/p>\n<p>Un pari r\u00e9ussi pour TF1 et Arthur<\/p>\n<p>Ce dernier, en plus d\u2019animer <strong>Une famille en or<\/strong>, <strong>Danse avec les stars<\/strong>, ou encore <strong>Mask Singer<\/strong>, pr\u00e9sentait Qui veut gagner des millions du 26 janvier 2019 au 1er ao\u00fbt 2020. Face \u00e0 un agenda tr\u00e8s charg\u00e9, Arthur lui a succ\u00e9d\u00e9 et semble convaincre les t\u00e9l\u00e9spectateurs.<\/p>\n<p>La preuve avec les audiences affich\u00e9es pour les num\u00e9ros pr\u00e9sent\u00e9s par le compagnon de <a href=\"https:\/\/www.public.fr\/tag\/mareva-galanter\" rel=\"nofollow noopener\" target=\"_blank\">Mareva Galanter<\/a>. Lors du premier num\u00e9ro diffus\u00e9 le 20 septembre 2024, \u00e0 l\u2019occasion des 25 ans de TF1, le programme avait s\u00e9duit\u00a03,88 millions\u00a0de t\u00e9l\u00e9spectateurs entre 21h11 et 22h18 comme l\u2019indique\u00a0 Purem\u00e9dias.<\/p>\n<p>Nos confr\u00e8res pr\u00e9cisant que cela repr\u00e9sentait\u00a0\u00ab\u00a021,6%\u00a0du public et\u00a029,4%\u00a0des FRDA-50\u00a0\u00bb. \u00ab\u00a0La suite, propos\u00e9e entre 22h27 et 00h14, a conserv\u00e9 l&rsquo;attention de\u00a03,15 millions de t\u00e9l\u00e9spectateurs, ce qui repr\u00e9sente 28,9% du public et 33,7% des FRDA-50\u00a0\u00bb, indiquait le m\u00e9dia.\u00a0<\/p>\n<p>\u00ab\u00a0Qui veut gagner des millions\u00a0\u00bb de retour, dans un nouveau lieu<\/p>\n<p>Reste \u00e0 savoir si le prochain num\u00e9ro va s\u00e9duire autant de t\u00e9l\u00e9spectateurs. Un nouveau num\u00e9ro dont la <strong>date de diffusion n\u2019a pas encore \u00e9t\u00e9 d\u00e9voil\u00e9e<\/strong>. N\u00e9anmoins, comme l\u2019indique notre confr\u00e8re Nicolas Malab\u0153uf, celui-ci devrait \u00eatre diffus\u00e9 en 2026 et le lieu de tournage aurait d\u00e9j\u00e0 \u00e9t\u00e9 trouv\u00e9.<\/p>\n<p>Toujours selon notre confr\u00e8re, Arthur va pr\u00e9senter le nouveau num\u00e9ro de Qui veut gagner des millions depuis le Palais Brongniart. \u00ab\u00a0<strong>Apr\u00e8s le D\u00f4me de Paris et le Cirque d&rsquo;Hiver<\/strong>, Qui veut gagner des millions s&rsquo;installera <strong>au Palais Brongniart<\/strong> pour deux prochains num\u00e9ros anim\u00e9s par Arthur en 2026 sur TF1 !\u00a0\u00bb, annonce en effet le journaliste.<\/p>\n<p>Il va \u00e0 pr\u00e9sent falloir s\u2019armer de patience pour <strong>conna\u00eetre la date de diffusion<\/strong> mais surtout, les invit\u00e9s qui vont tenter leur chance et tout faire pour gagner un ch\u00e8que pour l\u2019association qu\u2019ils vont d\u00e9fendre.\u00a0<\/p>\n<p>\n          Hits &amp; People en continu\n        <\/p>\n<p>\n          Public Radio\n        <\/p>\n<p>      Mentionn\u00e9s dans cet article<\/p>\n<p>      Sur le m\u00eame sujet<\/p>\n","protected":false},"excerpt":{"rendered":"R\u00e9sum\u00e9 Arthur continuera de pr\u00e9senter \u00ab\u00a0Qui veut gagner des millions\u00a0\u00bb en 2026 depuis un nouveau lieu, le Palais&hellip;\n","protected":false},"author":2,"featured_media":485537,"comment_status":"","ping_status":"","sticky":false,"template":"","format":"standard","meta":{"footnotes":""},"categories":[1359],"tags":[14684,193,58,59,1011,27,9917,973,24850,199],"class_list":{"0":"post-485536","1":"post","2":"type-post","3":"status-publish","4":"format-standard","5":"has-post-thumbnail","7":"category-people","8":"tag-arthur","9":"tag-camille-combal","10":"tag-divertissement","11":"tag-entertainment","12":"tag-fr","13":"tag-france","14":"tag-jean-pierre-foucault","15":"tag-people","16":"tag-qui-veut-gagner-des-millions","17":"tag-tf1"},"share_on_mastodon":{"url":"https:\/\/pubeurope.com\/@fr\/115426264696771889","error":""},"_links":{"self":[{"href":"https:\/\/www.europesays.com\/fr\/wp-json\/wp\/v2\/posts\/485536","targetHints":{"allow":["GET"]}}],"collection":[{"href":"https:\/\/www.europesays.com\/fr\/wp-json\/wp\/v2\/posts"}],"about":[{"href":"https:\/\/www.europesays.com\/fr\/wp-json\/wp\/v2\/types\/post"}],"author":[{"embeddable":true,"href":"https:\/\/www.europesays.com\/fr\/wp-json\/wp\/v2\/users\/2"}],"replies":[{"embeddable":true,"href":"https:\/\/www.europesays.com\/fr\/wp-json\/wp\/v2\/comments?post=485536"}],"version-history":[{"count":0,"href":"https:\/\/www.europesays.com\/fr\/wp-json\/wp\/v2\/posts\/485536\/revisions"}],"wp:featuredmedia":[{"embeddable":true,"href":"https:\/\/www.europesays.com\/fr\/wp-json\/wp\/v2\/media\/485537"}],"wp:attachment":[{"href":"https:\/\/www.europesays.com\/fr\/wp-json\/wp\/v2\/media?parent=485536"}],"wp:term":[{"taxonomy":"category","embeddable":true,"href":"https:\/\/www.europesays.com\/fr\/wp-json\/wp\/v2\/categories?post=485536"},{"taxonomy":"post_tag","embeddable":true,"href":"https:\/\/www.europesays.com\/fr\/wp-json\/wp\/v2\/tags?post=485536"}],"curies":[{"name":"wp","href":"https:\/\/api.w.org\/{rel}","templated":true}]}}